{"id":66,"date":"2019-06-01T00:00:00","date_gmt":"2019-05-31T21:00:00","guid":{"rendered":"https:\/\/www.anofm.ro\/neamt\/anunt-absolventi-promotia-2019\/"},"modified":"2019-06-01T00:00:00","modified_gmt":"2019-05-31T21:00:00","slug":"anunt-absolventi-promotia-2019","status":"publish","type":"post","link":"https:\/\/www.anofm.ro\/neamt\/anunt-absolventi-promotia-2019\/","title":{"rendered":"ANUN\u0162 absolven\u0163i promo\u0163ia 2019"},"content":{"rendered":"<\/p>\n<p class=\"MsoNormal\" align=\"center\" style=\"margin-left:49.65pt;text-align:center\"><b><span lang=\"RO\" style=\"font-size:20.0pt;line-height:115%\">ANUN\u0162<\/span><\/b><\/p>\n<p class=\"MsoNormal\" style=\"margin-left:14.2pt\"><span lang=\"RO\"><span>\u00a0\u00a0\u00a0\u00a0\u00a0 <\/span>Agen\u0163ia Jude\u0163ean\u0103 pentru<br \/>\nOcuparea For\u0163ei de Munc\u0103 Neam\u0163 reaminte\u015fte absolven\u0163ilor din promo\u0163ia 2019, c\u0103<br \/>\npentru a beneficia de prevederile Legii 76\/2002 privind sistemul asigur\u0103rilor<br \/>\npentru \u015fomaj \u015fi stimularea ocuparii for\u0163ei de munc\u0103, trebuie s\u0103 se \u00eenregistreze<br \/>\nla Agen\u0163iile Locale pentru Ocuparea For\u0163ei de Munc\u0103 din raza de domiciliu.<\/span><\/p>\n<p class=\"MsoNormal\" style=\"margin-left:14.2pt\"><span lang=\"RO\">Absolven\u0163ii \u00eenscri\u015fi<span>\u00a0 <\/span>\u00een eviden\u0163a<br \/>\ninstitu\u0163iei \u00een termen de <b>60 de zile<br \/>\ncalendaristice de la absolvire<\/b>, \u00een urma angaj\u0103rii, pot beneficia de:<\/span><\/p>\n<p class=\"MsoNormal\" style=\"margin-left:49.65pt;text-indent:-18.0pt\"><span lang=\"RO\" style=\"font-family:Symbol\"><span>\u00b7<span style=\"font:7.0pt\">\u00a0\u00a0\u00a0\u00a0\u00a0\u00a0\u00a0\u00a0<br \/>\n<\/span><\/span><\/span><b><span lang=\"RO\" style=\"color:#548DD4\">prim\u0103 de inser\u0163ie \u00een valoare<br \/>\nde 1.500 lei<\/span><\/b><span lang=\"RO\">.<\/span><\/p>\n<p class=\"MsoNormal\" style=\"margin-left:49.65pt;text-indent:-18.0pt\"><span lang=\"RO\" style=\"font-family:Symbol\"><span>\u00b7<span style=\"font:7.0pt\">\u00a0\u00a0\u00a0\u00a0\u00a0\u00a0\u00a0\u00a0<br \/>\n<\/span><\/span><\/span><b><span lang=\"RO\" style=\"color:#548DD4\">prim\u0103 de instalare \u00een<br \/>\nvaloare de 12.500 lei<\/span><\/b><span lang=\"RO\">,<br \/>\ndac\u0103 angajarea este la o distan\u0163\u0103 mai mare de 50 de km de domiciliu, iar ca<br \/>\nurmare a angaj\u0103rii se schimb\u0103 \u015fi domiciliu sau resedin\u0163a. Aceast\u0103 prim\u0103 se<br \/>\nplate\u015fte \u00een 2 tran\u015fe.<\/span><\/p>\n<p class=\"MsoNormal\" style=\"margin-left:49.65pt;text-indent:-18.0pt\"><span lang=\"RO\" style=\"font-family:Symbol\"><span>\u00b7<span style=\"font:7.0pt\">\u00a0\u00a0\u00a0\u00a0\u00a0\u00a0\u00a0\u00a0<br \/>\n<\/span><\/span><\/span><b><span lang=\"RO\" style=\"color:#548DD4\">prim\u0103 de relocare (chirie),<br \/>\n\u00een cuantum de maxim 900 lei lunar<\/span><\/b><span lang=\"RO\">, timp de 36 luni, dac\u0103 angajarea este la o distan\u0163\u0103 mai mare de 50 de km<br \/>\nde domiciliu.<\/span><\/p>\n<p class=\"MsoNormal\" style=\"margin-left:14.2pt\"><span lang=\"RO\"><span>\u00a0\u00a0\u00a0\u00a0\u00a0 <\/span>La expirarea celor 60 de zile,<br \/>\nabsolven\u0163ii care nu au reu\u015fit s\u0103 ocupe un loc de munc\u0103 vor beneficia de<br \/>\nindemniza\u0163ie de \u015fomaj, \u00een cuantum de 250 lei lunar, timp de 6 luni.<\/span><\/p>\n<p class=\"MsoNormal\" style=\"margin-left:14.2pt\"><span lang=\"RO\"><span>\u00a0\u00a0\u00a0\u00a0\u00a0 <\/span>Pentru absolven\u0163ii de liceu,<br \/>\nindiferent dac\u0103 au promovat sau nu bacalaureatul, ultima zi \u00een care se pot<br \/>\n\u00eenscrie este <b><u><span style=\"color:red\">30<br \/>\niulie 2019<\/span><\/u>.<\/b><\/span><\/p>\n<p class=\"MsoNormal\" style=\"margin-left:14.2pt\"><span lang=\"RO\"><span>\u00a0\u00a0\u00a0\u00a0\u00a0 <\/span>Elevii din ultimul an de studiu,<br \/>\ncare nu au situa\u0163ia \u015fcolar\u0103 \u00eencheiat\u0103 la data absolvirii, pot ob\u0163ine acelea\u015fi<br \/>\nbeneficii dac\u0103 se \u00eenregistreaz\u0103 \u00een eviden\u0163ele agen\u0163iei<span>\u00a0 <\/span>\u00een termen de 60 zile de la data promov\u0103rii<br \/>\nexamenului de corigen\u0163\u0103. <\/span><\/p>\n<p class=\"MsoNormal\" style=\"margin-left:14.2pt\"><span lang=\"RO\"><span>\u00a0\u00a0\u00a0\u00a0\u00a0 <\/span>Din bugetul asigur\u0103rilor pentru<br \/>\n\u015fomaj se subven\u0163ioneaz\u0103 \u015fi angajatorii care \u00eencadreaz\u0103 \u00een munc\u0103 absolven\u0163i<br \/>\n\u00eenscri\u015fi \u00een eviden\u0163a AJOFM Neam\u0163, cuantumul subven\u0163iei este de 2.250 lei lunar,<br \/>\ntimp de 12 luni. <\/span><\/p>\n","protected":false},"excerpt":{"rendered":"<p>ANUN\u0162 \u00a0\u00a0\u00a0\u00a0\u00a0 Agen\u0163ia Jude\u0163ean\u0103 pentru Ocuparea For\u0163ei de Munc\u0103 Neam\u0163 reaminte\u015fte absolven\u0163ilor din promo\u0163ia 2019, c\u0103 pentru a beneficia de prevederile Legii 76\/2002 privind sistemul asigur\u0103rilor pentru \u015fomaj \u015fi stimularea<\/p>\n","protected":false},"author":0,"featured_media":0,"comment_status":"closed","ping_status":"closed","sticky":false,"template":"","format":"standard","meta":{"footnotes":""},"categories":[4],"tags":[],"class_list":["post-66","post","type-post","status-publish","format-standard","hentry","category-anunturi-diverse"],"_links":{"self":[{"href":"https:\/\/www.anofm.ro\/neamt\/wp-json\/wp\/v2\/posts\/66","targetHints":{"allow":["GET"]}}],"collection":[{"href":"https:\/\/www.anofm.ro\/neamt\/wp-json\/wp\/v2\/posts"}],"about":[{"href":"https:\/\/www.anofm.ro\/neamt\/wp-json\/wp\/v2\/types\/post"}],"replies":[{"embeddable":true,"href":"https:\/\/www.anofm.ro\/neamt\/wp-json\/wp\/v2\/comments?post=66"}],"version-history":[{"count":0,"href":"https:\/\/www.anofm.ro\/neamt\/wp-json\/wp\/v2\/posts\/66\/revisions"}],"wp:attachment":[{"href":"https:\/\/www.anofm.ro\/neamt\/wp-json\/wp\/v2\/media?parent=66"}],"wp:term":[{"taxonomy":"category","embeddable":true,"href":"https:\/\/www.anofm.ro\/neamt\/wp-json\/wp\/v2\/categories?post=66"},{"taxonomy":"post_tag","embeddable":true,"href":"https:\/\/www.anofm.ro\/neamt\/wp-json\/wp\/v2\/tags?post=66"}],"curies":[{"name":"wp","href":"https:\/\/api.w.org\/{rel}","templated":true}]}}