{"id":5619,"date":"2025-10-06T17:34:36","date_gmt":"2025-10-06T14:34:36","guid":{"rendered":"https:\/\/www.anofm.ro\/neamt\/?p=5619"},"modified":"2026-03-04T08:56:28","modified_gmt":"2026-03-04T06:56:28","slug":"bursa-locurilor-de-munca-pentru-absolventi","status":"publish","type":"post","link":"https:\/\/www.anofm.ro\/neamt\/bursa-locurilor-de-munca-pentru-absolventi\/","title":{"rendered":"Bursa locurilor de munc\u0103 pentru absolven\u021bi"},"content":{"rendered":"\n<p>Agen\u021bia Jude\u021bean\u0103 pentru Ocuparea For\u021bei de Munc\u0103 Neam\u021b va organiza vineri 10 octombrie 2025 Bursa locurilor de munc\u0103 pentru absolven\u021bi.<\/p>\n\n\n\n<p>Activitatea se va desf\u0103\u0219ura \u00eencep\u00e2nd cu ora 9.00 \u00een Piatra Neam\u021b la Centrul de calificare a \u0219omerilor, Pia\u021ba Mihail Kog\u0103lniceanu, nr 1-3, \u00een Roman la sediul Liceului &#8222;Vasile Sav&#8221;, bulevardul Republicii, nr 46, iar \u00een T\u00e2rgu Neam\u021b la sediul Casei Culturii &#8222;Ion Creang\u0103&#8221;, din str \u0218tefan cel Mare, nr 60 .<\/p>\n\n\n\n<p><\/p>\n","protected":false},"excerpt":{"rendered":"<p>Agen\u021bia Jude\u021bean\u0103 pentru Ocuparea For\u021bei de Munc\u0103 Neam\u021b va organiza vineri 10 octombrie 2025 Bursa locurilor de munc\u0103 pentru absolven\u021bi. Activitatea se va desf\u0103\u0219ura \u00eencep\u00e2nd cu ora 9.00 \u00een Piatra<\/p>\n","protected":false},"author":24,"featured_media":5620,"comment_status":"closed","ping_status":"closed","sticky":false,"template":"","format":"standard","meta":{"footnotes":""},"categories":[6],"tags":[],"class_list":["post-5619","post","type-post","status-publish","format-standard","has-post-thumbnail","hentry","category-burse-ale-locurilor-de-munca"],"_links":{"self":[{"href":"https:\/\/www.anofm.ro\/neamt\/wp-json\/wp\/v2\/posts\/5619","targetHints":{"allow":["GET"]}}],"collection":[{"href":"https:\/\/www.anofm.ro\/neamt\/wp-json\/wp\/v2\/posts"}],"about":[{"href":"https:\/\/www.anofm.ro\/neamt\/wp-json\/wp\/v2\/types\/post"}],"author":[{"embeddable":true,"href":"https:\/\/www.anofm.ro\/neamt\/wp-json\/wp\/v2\/users\/24"}],"replies":[{"embeddable":true,"href":"https:\/\/www.anofm.ro\/neamt\/wp-json\/wp\/v2\/comments?post=5619"}],"version-history":[{"count":2,"href":"https:\/\/www.anofm.ro\/neamt\/wp-json\/wp\/v2\/posts\/5619\/revisions"}],"predecessor-version":[{"id":5627,"href":"https:\/\/www.anofm.ro\/neamt\/wp-json\/wp\/v2\/posts\/5619\/revisions\/5627"}],"wp:featuredmedia":[{"embeddable":true,"href":"https:\/\/www.anofm.ro\/neamt\/wp-json\/wp\/v2\/media\/5620"}],"wp:attachment":[{"href":"https:\/\/www.anofm.ro\/neamt\/wp-json\/wp\/v2\/media?parent=5619"}],"wp:term":[{"taxonomy":"category","embeddable":true,"href":"https:\/\/www.anofm.ro\/neamt\/wp-json\/wp\/v2\/categories?post=5619"},{"taxonomy":"post_tag","embeddable":true,"href":"https:\/\/www.anofm.ro\/neamt\/wp-json\/wp\/v2\/tags?post=5619"}],"curies":[{"name":"wp","href":"https:\/\/api.w.org\/{rel}","templated":true}]}}