{"id":5614,"date":"2025-10-06T17:01:54","date_gmt":"2025-10-06T14:01:54","guid":{"rendered":"https:\/\/www.anofm.ro\/neamt\/?p=5614"},"modified":"2026-03-04T08:54:44","modified_gmt":"2026-03-04T06:54:44","slug":"anunt-inscriere-program-de-formare-profesionala-lucrator-comercial","status":"publish","type":"post","link":"https:\/\/www.anofm.ro\/neamt\/anunt-inscriere-program-de-formare-profesionala-lucrator-comercial\/","title":{"rendered":"Anun\u021b \u00eenscriere program de formare profesional\u0103 &#8222;Lucr\u0103tor comercial&#8221;"},"content":{"rendered":"\n<p>AGEN\u021aIA JUDE\u021aEAN\u00c3 PENTRU OCUPAREA FOR\u021aEI DE MUNC\u00c3 NEAM\u021a, anun\u021b\u0103 \u00eenscrierea pentru demararea unui program de formare profesional\u0103 LUCR\u0102TOR COMERCIAL, organizat \u00een cadrul proiectului \u201eTINERII &#8211; De la Educa\u021bie la Angajare \u2013 Eficien\u021ba pe pia\u021ba muncii\u201d.<\/p>\n\n\n\n<div class=\"file-list-wrap\"><ul class=\"file-list\">\n<li><a href=\"https:\/\/www.anofm.ro\/neamt\/wp-content\/uploads\/sites\/31\/2025\/10\/Anunt-curs_P_NT_LUCRATOR-COMERCIAL_333803.pdf\" download>Anunt-curs_P_NT_LUCRATOR-COMERCIAL_333803.pdf<\/a><\/li>\n<\/ul><\/div>\n","protected":false},"excerpt":{"rendered":"<p>AGEN\u021aIA JUDE\u021aEAN\u00c3 PENTRU OCUPAREA FOR\u021aEI DE MUNC\u00c3 NEAM\u021a, anun\u021b\u0103 \u00eenscrierea pentru demararea unui program de formare profesional\u0103 LUCR\u0102TOR COMERCIAL, organizat \u00een cadrul proiectului \u201eTINERII &#8211; De la Educa\u021bie la Angajare<\/p>\n","protected":false},"author":24,"featured_media":0,"comment_status":"closed","ping_status":"closed","sticky":false,"template":"","format":"standard","meta":{"footnotes":""},"categories":[4],"tags":[],"class_list":["post-5614","post","type-post","status-publish","format-standard","hentry","category-anunturi-diverse"],"_links":{"self":[{"href":"https:\/\/www.anofm.ro\/neamt\/wp-json\/wp\/v2\/posts\/5614","targetHints":{"allow":["GET"]}}],"collection":[{"href":"https:\/\/www.anofm.ro\/neamt\/wp-json\/wp\/v2\/posts"}],"about":[{"href":"https:\/\/www.anofm.ro\/neamt\/wp-json\/wp\/v2\/types\/post"}],"author":[{"embeddable":true,"href":"https:\/\/www.anofm.ro\/neamt\/wp-json\/wp\/v2\/users\/24"}],"replies":[{"embeddable":true,"href":"https:\/\/www.anofm.ro\/neamt\/wp-json\/wp\/v2\/comments?post=5614"}],"version-history":[{"count":1,"href":"https:\/\/www.anofm.ro\/neamt\/wp-json\/wp\/v2\/posts\/5614\/revisions"}],"predecessor-version":[{"id":5616,"href":"https:\/\/www.anofm.ro\/neamt\/wp-json\/wp\/v2\/posts\/5614\/revisions\/5616"}],"wp:attachment":[{"href":"https:\/\/www.anofm.ro\/neamt\/wp-json\/wp\/v2\/media?parent=5614"}],"wp:term":[{"taxonomy":"category","embeddable":true,"href":"https:\/\/www.anofm.ro\/neamt\/wp-json\/wp\/v2\/categories?post=5614"},{"taxonomy":"post_tag","embeddable":true,"href":"https:\/\/www.anofm.ro\/neamt\/wp-json\/wp\/v2\/tags?post=5614"}],"curies":[{"name":"wp","href":"https:\/\/api.w.org\/{rel}","templated":true}]}}