{"id":54,"date":"2019-01-21T00:00:00","date_gmt":"2019-01-20T22:00:00","guid":{"rendered":"https:\/\/www.anofm.ro\/neamt\/a-j-o-f-m-neamt-organizeaza-selectie-pentru-studentii-care-doresc-sa-lucreze-%c8%8bn-germania-pe-perioada-vacantei-de-vara\/"},"modified":"2019-01-21T00:00:00","modified_gmt":"2019-01-20T22:00:00","slug":"a-j-o-f-m-neamt-organizeaza-selectie-pentru-studentii-care-doresc-sa-lucreze-%c8%8bn-germania-pe-perioada-vacantei-de-vara","status":"publish","type":"post","link":"https:\/\/www.anofm.ro\/neamt\/a-j-o-f-m-neamt-organizeaza-selectie-pentru-studentii-care-doresc-sa-lucreze-%c8%8bn-germania-pe-perioada-vacantei-de-vara\/","title":{"rendered":"A.J.O.F.M. Neam\u021b organizeaz\u0103 selec\u021bie pentru studen\u021bii care doresc s\u0103 lucreze \u020bn Germania pe perioada vacan\u021bei de var\u0103"},"content":{"rendered":"<p><span style=\"font-family:\">Agen\u021bia Jude\u021bean\u0103 pentru Ocuparea For\u021bei de<br \/>\nMunc\u0103 Neam\u021b organizeaz\u0103 selec\u021bie pentru studen\u021bii care doresc s\u0103 desf\u0103\u0219oare o<br \/>\nactivitate lucrativ\u0103 pe teritoriul Germaniei pe perioada vacan\u021bei de var\u0103 2019<br \/>\n(minim 2 luni).<\/p>\n<p><a target=\"_blank\" href=\"\/upload\/4909\/Adresa_selectie_studenti_Germania_2019.pdf\" rel=\"noopener\">Comunicat de pres\u0103<\/a><\/p>\n<p><a target=\"_blank\" href=\"\/upload\/4909\/Preciz%C4%83ri_%C5%9Fi_instruc%C5%A3iuni_de_completare_a_fisei_de_solicitare.pdf\" rel=\"noopener\">Preciz\u0103ri \u015fi instruc\u0163iuni de completare a fisei de solicitare<\/a><\/p>\n<p><a target=\"_blank\" href=\"\/upload\/4909\/Precizari_si_instructiuni_de_completare_a_adeverintei_de_student.pdf\" rel=\"noopener\">Precizari \u015fi instructiuni de completare a adeverintei de student<\/a><\/p>\n<p><a target=\"_blank\" href=\"\/upload\/4909\/Foaie_informativa_pentru_studenti.pdf\" rel=\"noopener\">Foaie informativa pentru studenti<\/a><\/p>\n<p><\/span><\/p>\n<p><a target=\"_blank\" href=\"\/upload\/4909\/Merkblatt.pdf\" rel=\"noopener\">Merkblatt<\/a><\/p>\n<p><a target=\"_blank\" href=\"\/upload\/4909\/B-Immatrikulation-en_ba015238.pdf\" rel=\"noopener\">B-Immatrikulation-en<\/a><\/p>\n<p><a target=\"_blank\" href=\"\/upload\/4909\/Bewerbungsbogen.pdf\" rel=\"noopener\">Bewerbungsbogen<\/a><\/p>\n","protected":false},"excerpt":{"rendered":"<p>Agen\u021bia Jude\u021bean\u0103 pentru Ocuparea For\u021bei de Munc\u0103 Neam\u021b organizeaz\u0103 selec\u021bie pentru studen\u021bii care doresc s\u0103 desf\u0103\u0219oare o activitate lucrativ\u0103 pe teritoriul Germaniei pe perioada vacan\u021bei de var\u0103 2019 (minim 2<\/p>\n","protected":false},"author":0,"featured_media":0,"comment_status":"closed","ping_status":"closed","sticky":false,"template":"","format":"standard","meta":{"footnotes":""},"categories":[9],"tags":[],"class_list":["post-54","post","type-post","status-publish","format-standard","hentry","category-comunicate-de-presa"],"_links":{"self":[{"href":"https:\/\/www.anofm.ro\/neamt\/wp-json\/wp\/v2\/posts\/54","targetHints":{"allow":["GET"]}}],"collection":[{"href":"https:\/\/www.anofm.ro\/neamt\/wp-json\/wp\/v2\/posts"}],"about":[{"href":"https:\/\/www.anofm.ro\/neamt\/wp-json\/wp\/v2\/types\/post"}],"replies":[{"embeddable":true,"href":"https:\/\/www.anofm.ro\/neamt\/wp-json\/wp\/v2\/comments?post=54"}],"version-history":[{"count":0,"href":"https:\/\/www.anofm.ro\/neamt\/wp-json\/wp\/v2\/posts\/54\/revisions"}],"wp:attachment":[{"href":"https:\/\/www.anofm.ro\/neamt\/wp-json\/wp\/v2\/media?parent=54"}],"wp:term":[{"taxonomy":"category","embeddable":true,"href":"https:\/\/www.anofm.ro\/neamt\/wp-json\/wp\/v2\/categories?post=54"},{"taxonomy":"post_tag","embeddable":true,"href":"https:\/\/www.anofm.ro\/neamt\/wp-json\/wp\/v2\/tags?post=54"}],"curies":[{"name":"wp","href":"https:\/\/api.w.org\/{rel}","templated":true}]}}