{"id":46,"date":"2018-12-20T00:00:00","date_gmt":"2018-12-19T22:00:00","guid":{"rendered":"https:\/\/www.anofm.ro\/neamt\/comunicat-de-presa-prima-de-activare-pentru-somerii-neindemnizati-care-se-incadreaza-in-munca\/"},"modified":"2018-12-20T00:00:00","modified_gmt":"2018-12-19T22:00:00","slug":"comunicat-de-presa-prima-de-activare-pentru-somerii-neindemnizati-care-se-incadreaza-in-munca","status":"publish","type":"post","link":"https:\/\/www.anofm.ro\/neamt\/comunicat-de-presa-prima-de-activare-pentru-somerii-neindemnizati-care-se-incadreaza-in-munca\/","title":{"rendered":"Comunicat de pres\u0103 &#8211; Prima de activare pentru \u015fomerii neindemniza\u021bi care se \u00eencadreaz\u0103 \u00een munc\u0103"},"content":{"rendered":"<p><a target=\"_blank\" href=\"\/upload\/3865\/Comunicat_prima_de_activare.pdf\" rel=\"noopener\">Comunicat de pres\u0103 &#8211; Prima de activare pentru \u015fomerii neindemniza\u021bi care se \u00eencadreaz\u0103 \u00een munc\u0103<\/a><\/p>\n","protected":false},"excerpt":{"rendered":"<p>Comunicat de pres\u0103 &#8211; Prima de activare pentru \u015fomerii neindemniza\u021bi care se \u00eencadreaz\u0103 \u00een munc\u0103<\/p>\n","protected":false},"author":0,"featured_media":0,"comment_status":"closed","ping_status":"closed","sticky":false,"template":"","format":"standard","meta":{"footnotes":""},"categories":[9],"tags":[],"class_list":["post-46","post","type-post","status-publish","format-standard","hentry","category-comunicate-de-presa"],"_links":{"self":[{"href":"https:\/\/www.anofm.ro\/neamt\/wp-json\/wp\/v2\/posts\/46","targetHints":{"allow":["GET"]}}],"collection":[{"href":"https:\/\/www.anofm.ro\/neamt\/wp-json\/wp\/v2\/posts"}],"about":[{"href":"https:\/\/www.anofm.ro\/neamt\/wp-json\/wp\/v2\/types\/post"}],"replies":[{"embeddable":true,"href":"https:\/\/www.anofm.ro\/neamt\/wp-json\/wp\/v2\/comments?post=46"}],"version-history":[{"count":0,"href":"https:\/\/www.anofm.ro\/neamt\/wp-json\/wp\/v2\/posts\/46\/revisions"}],"wp:attachment":[{"href":"https:\/\/www.anofm.ro\/neamt\/wp-json\/wp\/v2\/media?parent=46"}],"wp:term":[{"taxonomy":"category","embeddable":true,"href":"https:\/\/www.anofm.ro\/neamt\/wp-json\/wp\/v2\/categories?post=46"},{"taxonomy":"post_tag","embeddable":true,"href":"https:\/\/www.anofm.ro\/neamt\/wp-json\/wp\/v2\/tags?post=46"}],"curies":[{"name":"wp","href":"https:\/\/api.w.org\/{rel}","templated":true}]}}