{"id":45,"date":"2018-12-09T00:00:00","date_gmt":"2018-12-08T22:00:00","guid":{"rendered":"https:\/\/www.anofm.ro\/neamt\/mesajul-presedintelui-anofm-cu-ocazia-aniversarii-a-20-de-ani-de-activitate-a-agentiei-nationale-pentru-ocuparea-fortei-de-munca\/"},"modified":"2018-12-09T00:00:00","modified_gmt":"2018-12-08T22:00:00","slug":"mesajul-presedintelui-anofm-cu-ocazia-aniversarii-a-20-de-ani-de-activitate-a-agentiei-nationale-pentru-ocuparea-fortei-de-munca","status":"publish","type":"post","link":"https:\/\/www.anofm.ro\/neamt\/mesajul-presedintelui-anofm-cu-ocazia-aniversarii-a-20-de-ani-de-activitate-a-agentiei-nationale-pentru-ocuparea-fortei-de-munca\/","title":{"rendered":"Mesajul presedintelui ANOFM cu ocazia anivers\u0103rii a 20 de ani de activitate a Agentiei Nationale pentru Ocuparea Fortei de Munca"},"content":{"rendered":"<p style=\"margin: 0px 0px 10px;font-family:\"><span><font face=\"Trebuchet MS\">Agen\u0163ia Na\u0163ional\u0103 pentru Ocuparea For\u0163ei de Munc\u0103 aniverseaz\u0103, \u00een data de 10 Decembrie, 20 ani de la prima \u015fedin\u0163\u0103 a Consiliului de Administra\u0163ie, moment ce a pus bazele unei institu\u0163ii orientate c\u0103tre pia\u0163a muncii.\u00a0<\/font><\/span><span>Serviciul Public de Ocupare, cu toate structurile sale, a acumulat \u00een ace\u0219ti ani o experien\u0163\u0103 bogat\u0103 \u015fi valoroas\u0103, poten\u0163at\u0103 \u015fi de modelele de\u00a0<\/span><font><span>succes ale institu\u021biilor similare din statele membre ale Uniunii Europene.<\/span><span style=\"font-family:\"><\/span><\/font><\/p>\n<p><a target=\"_blank\" href=\"\/upload\/3864\/Mesajul_Pre%C8%99edintelui_-_Aniversare_20_de_ani.pdf\" rel=\"noopener\"><span style=\"font-family:\">Mesajul Pre\u0219edintelui ANOFM<\/span><\/a><\/p>\n","protected":false},"excerpt":{"rendered":"<p>Agen\u0163ia Na\u0163ional\u0103 pentru Ocuparea For\u0163ei de Munc\u0103 aniverseaz\u0103, \u00een data de 10 Decembrie, 20 ani de la prima \u015fedin\u0163\u0103 a Consiliului de Administra\u0163ie, moment ce a pus bazele unei institu\u0163ii<\/p>\n","protected":false},"author":0,"featured_media":0,"comment_status":"closed","ping_status":"closed","sticky":false,"template":"","format":"standard","meta":{"footnotes":""},"categories":[9],"tags":[],"class_list":["post-45","post","type-post","status-publish","format-standard","hentry","category-comunicate-de-presa"],"_links":{"self":[{"href":"https:\/\/www.anofm.ro\/neamt\/wp-json\/wp\/v2\/posts\/45","targetHints":{"allow":["GET"]}}],"collection":[{"href":"https:\/\/www.anofm.ro\/neamt\/wp-json\/wp\/v2\/posts"}],"about":[{"href":"https:\/\/www.anofm.ro\/neamt\/wp-json\/wp\/v2\/types\/post"}],"replies":[{"embeddable":true,"href":"https:\/\/www.anofm.ro\/neamt\/wp-json\/wp\/v2\/comments?post=45"}],"version-history":[{"count":0,"href":"https:\/\/www.anofm.ro\/neamt\/wp-json\/wp\/v2\/posts\/45\/revisions"}],"wp:attachment":[{"href":"https:\/\/www.anofm.ro\/neamt\/wp-json\/wp\/v2\/media?parent=45"}],"wp:term":[{"taxonomy":"category","embeddable":true,"href":"https:\/\/www.anofm.ro\/neamt\/wp-json\/wp\/v2\/categories?post=45"},{"taxonomy":"post_tag","embeddable":true,"href":"https:\/\/www.anofm.ro\/neamt\/wp-json\/wp\/v2\/tags?post=45"}],"curies":[{"name":"wp","href":"https:\/\/api.w.org\/{rel}","templated":true}]}}