{"id":4470,"date":"2024-12-10T13:35:38","date_gmt":"2024-12-10T11:35:38","guid":{"rendered":"https:\/\/www.anofm.ro\/neamt\/?p=4470"},"modified":"2024-12-10T13:35:38","modified_gmt":"2024-12-10T11:35:38","slug":"pnrr-fonduri-pentru-romania-moderna-si-reformata","status":"publish","type":"post","link":"https:\/\/www.anofm.ro\/neamt\/pnrr-fonduri-pentru-romania-moderna-si-reformata\/","title":{"rendered":"PNRR: Fonduri pentru Rom\u00e2nia modern\u0103 \u0219i reformat\u0103!"},"content":{"rendered":"\n<figure class=\"wp-block-image size-full is-resized\"><img loading=\"lazy\" decoding=\"async\" width=\"826\" height=\"782\" src=\"https:\/\/www.anofm.ro\/neamt\/wp-content\/uploads\/sites\/31\/2024\/12\/image-1.png\" alt=\"\" class=\"wp-image-4473\" style=\"width:341px;height:auto\" srcset=\"https:\/\/www.anofm.ro\/neamt\/wp-content\/uploads\/sites\/31\/2024\/12\/image-1.png 826w, https:\/\/www.anofm.ro\/neamt\/wp-content\/uploads\/sites\/31\/2024\/12\/image-1-516x489.png 516w, https:\/\/www.anofm.ro\/neamt\/wp-content\/uploads\/sites\/31\/2024\/12\/image-1-768x727.png 768w\" sizes=\"auto, (max-width: 826px) 100vw, 826px\" \/><\/figure>\n\n\n\n<p><strong>PNRR<\/strong>. <em>Finan\u021bat de Uniunea Europen\u0103 \u2013 Urm\u0103toareaGenera\u021bieUE<\/em> <\/p>\n\n\n\n<p><em>Componenta 7- Transformare digital\u0103<\/em> <\/p>\n\n\n\n<p><em>Investi\u021bia 6 &#8211; Digitalizare \u00een domeniul muncii \u0219i protec\u021biei sociale<\/em> <\/p>\n\n\n\n<p><strong><em>Digitalizarea serviciilor de ocupare oferite cet\u0103\u021benilor <\/em><\/strong><\/p>\n\n\n\n<p><strong>BENEFICIAR<\/strong> \u2013 <em>Agen\u021bia Na\u021bional\u0103 pentru Ocuparea For\u021bei de Munc\u0103 (ANOFM)<\/em> <\/p>\n\n\n\n<p><strong>OBIECTIV<\/strong> &#8211; Digitalizarea serviciilor oferite de ANOFM pentru a r\u0103spunde eficient noilor nevoi ale pie\u021bei muncii prin optimizarea opera\u021biunilor \u00een beneficiul cet\u0103\u021benilor, precum \u0219i prin formarea competen\u021belor digitale de gestionare a activit\u0103\u021bilor specifice ale personalului propriu <\/p>\n\n\n\n<p><strong>VALOARE &#8211; 17.400.000 euro<\/strong> <\/p>\n\n\n\n<p><strong>PERIOADA DE IMPLEMENTARE<\/strong> &#8211; 22 iulie 2022 \u2013 30 iunie 2026<\/p>\n\n\n\n<p><strong>Comunicat de pres\u0103<\/strong>:<\/p>\n\n\n\n<p>Agen\u021bia Na\u021bional\u0103 pentru Ocuparea For\u021bei de Munc\u0103 (ANOFM) a ob\u021binut finan\u021bare din partea<br>Uniunii Europene, \u00een cadrul Mecanismului de Redresare \u0219i Rezilien\u021b\u0103, Componenta C7.<br>Transformare digital\u0103 &#8211; Reforma \u0219i investi\u021bia: I6. Digitalizare \u00een domeniul muncii \u0219i protec\u021biei<br>sociale<br>Valoarea alocat\u0103 pentru implementarea proiectului \u201cDigitalizarea serviciilor de ocupare<br>oferite cet\u0103\u021benilor\u201d, 17.400.000 de euro, va fi utilizat\u0103 de ANOFM pentru reformarea<br>serviciilor pe care le ofer\u0103 clien\u021bilor, cu prec\u0103dere \u0219omeri\/persoane \u00een c\u0103utarea unui loc de<br>munc\u0103, \u0219i pentru investi\u021bii \u00een infrastructura hardware.<br>Va fi creat un sistem informatic nou care va permite, printre alte facilit\u0103\u021bi, transmiterea online<br>a documentelor necesare pentru \u00eenregistrarea beneficiarului, inclusiv pentru acordarea presta\u021biilor,<br>pentru \u00eenscrierea la programele de formare profesional\u0103, pentru programarea \u0219i desf\u0103\u0219urarea<br>sesiunilor de informare \u0219i consiliere online etc.<br>\u201eObiectivul asumat de c\u0103tre ANOFM prin proiectul de reforme \u0219i investi\u021bii semnat \u00een cadrul PNRR<br>vizeaz\u0103 digitalizarea serviciilor noastre pentru a r\u0103spunde eficient noilor nevoi identificate pe<br>pia\u021ba muncii. Reducerea proceselor birocratice, a timpilor necesari pentru accesarea serviciilor,<br>dar \u0219i a costurilor pe care le genereaz\u0103 interac\u021biunea cu angaja\u021bii institu\u021biei, vor fi principalele<br>efecte pe care le vor percepe clien\u021bii no\u0219tri\u201d \u2013 Florin Irinel Coto\u0219man \u2013 Pre\u0219edinte ANOFM.<br>Deoarece asigurarea serviciilor \u00een manier\u0103 digitalizat\u0103 presupune existen\u021ba unei infrastructuri<br>hardware moderne, parte din alocarea financiar\u0103 asigurat\u0103 prin acest proiect a fost utilizat\u0103<br>pentru \u00eenlocuirea echipamentelor IT de la nivelul aparatului central \u0219i structurilor din subordine, a<br>c\u0103ror vechime de peste 15 ani \u0219i uzur\u0103 moral\u0103 limitau desf\u0103\u0219urarea activit\u0103\u021bii \u00een condi\u021bii optime.<br>Au fost achizi\u021bionate 2.170 computere de birou \u0219i 300 computere portabile, care vor fi utilizate<br>de angaja\u021bii institu\u021biei pentru furnizarea serviciilor conform cerin\u021belor pie\u021bei muncii, dar \u0219i pentru<br>optimizarea proceselor interne.<br>Proiectul \u201cDigitalizarea serviciilor de ocupare oferite cet\u0103\u021benilor\u201d este implementat de<br>ANOFM \u00een perioada 22 iulie 2022 \u2013 30 iunie 2026, \u00een baza Contractului semnat cu Ministerul<br>Muncii \u0219i Solidarit\u0103\u021bii Sociale, coordonator de reform\u0103 \u0219i\/sau investi\u021bii.<\/p>\n","protected":false},"excerpt":{"rendered":"<p>PNRR. Finan\u021bat de Uniunea Europen\u0103 \u2013 Urm\u0103toareaGenera\u021bieUE Componenta 7- Transformare digital\u0103 Investi\u021bia 6 &#8211; Digitalizare \u00een domeniul muncii \u0219i protec\u021biei sociale Digitalizarea serviciilor de ocupare oferite cet\u0103\u021benilor BENEFICIAR \u2013 Agen\u021bia<\/p>\n","protected":false},"author":24,"featured_media":0,"comment_status":"closed","ping_status":"closed","sticky":false,"template":"","format":"standard","meta":{"footnotes":""},"categories":[20],"tags":[],"class_list":["post-4470","post","type-post","status-publish","format-standard","hentry","category-proiecte"],"_links":{"self":[{"href":"https:\/\/www.anofm.ro\/neamt\/wp-json\/wp\/v2\/posts\/4470","targetHints":{"allow":["GET"]}}],"collection":[{"href":"https:\/\/www.anofm.ro\/neamt\/wp-json\/wp\/v2\/posts"}],"about":[{"href":"https:\/\/www.anofm.ro\/neamt\/wp-json\/wp\/v2\/types\/post"}],"author":[{"embeddable":true,"href":"https:\/\/www.anofm.ro\/neamt\/wp-json\/wp\/v2\/users\/24"}],"replies":[{"embeddable":true,"href":"https:\/\/www.anofm.ro\/neamt\/wp-json\/wp\/v2\/comments?post=4470"}],"version-history":[{"count":1,"href":"https:\/\/www.anofm.ro\/neamt\/wp-json\/wp\/v2\/posts\/4470\/revisions"}],"predecessor-version":[{"id":4474,"href":"https:\/\/www.anofm.ro\/neamt\/wp-json\/wp\/v2\/posts\/4470\/revisions\/4474"}],"wp:attachment":[{"href":"https:\/\/www.anofm.ro\/neamt\/wp-json\/wp\/v2\/media?parent=4470"}],"wp:term":[{"taxonomy":"category","embeddable":true,"href":"https:\/\/www.anofm.ro\/neamt\/wp-json\/wp\/v2\/categories?post=4470"},{"taxonomy":"post_tag","embeddable":true,"href":"https:\/\/www.anofm.ro\/neamt\/wp-json\/wp\/v2\/tags?post=4470"}],"curies":[{"name":"wp","href":"https:\/\/api.w.org\/{rel}","templated":true}]}}