{"id":4263,"date":"2024-10-04T22:05:58","date_gmt":"2024-10-04T19:05:58","guid":{"rendered":"https:\/\/www.anofm.ro\/neamt\/?p=4263"},"modified":"2024-10-04T22:05:58","modified_gmt":"2024-10-04T19:05:58","slug":"anunt-de-intentie-selectie-partener-privat-pentru-proiect-finantat-prin-programul-educatie-si-ocupare-peo-2021-2027-8","status":"publish","type":"post","link":"https:\/\/www.anofm.ro\/neamt\/anunt-de-intentie-selectie-partener-privat-pentru-proiect-finantat-prin-programul-educatie-si-ocupare-peo-2021-2027-8\/","title":{"rendered":"ANUN\u021a DE INTEN\u021aIE SELEC\u021aIE PARTENER PRIVAT PENTRU PROIECT FINAN\u021aAT PRIN PROGRAMUL EDUCA\u021aIE \u015eI OCUPARE (PEO) 2021-2027"},"content":{"rendered":"\n<p>In conformitate cu prevederile art.34 alin (1) din OUG nr. 133 din 17 decembrie 2021 privind gestionarea financiar\u0103 a fondurilor europene pentru perioada de programare 2021-2027 si art.46 din HG 829\/2022, pentru aprobarea Normelor metodologice de aplicare a Ordonan\u0163ei de urgen\u0163\u0103 a Guvernului nr. 133\/2021, <strong><em>Agen\u0163ia Jude\u0163ean\u0103 pentru Ocuparea For\u0163ei de Munc\u0103 Neam<\/em><\/strong><strong><em>\u021b<\/em><\/strong>, <strong><u>anun\u021b\u0103<\/u><\/strong><\/p>\n\n\n\n<p>organizarea unei <strong><em>proceduri de selec\u021bie partener privat<\/em><\/strong>, \u00een vederea elabor\u0103rii, depunerii \u0219i implement\u0103rii unui proiect, \u00een cadrul Programului Educa\u0163ie \u015fi Ocupare (PEO), Prioritate: P09 \u201eConsolidarea particip\u0103rii popula\u021biei \u00een procesul de \u00eenv\u0103\u021bare pe tot parcursul vie\u021bii pentru facilitarea tranzi\u021biilor \u0219i a mobilit\u0103\u021bii, Obiectivului specific: ESO4.7. \u201ePromovarea \u00eenv\u0103\u021b\u0103rii pe tot parcursul vie\u021bii, \u00een special a oportunit\u0103\u021bilor flexibile de actualizare a competen\u021belor \u0219i de recalificare pentru to\u021bi, \u021bin\u00e2nd seama de competen\u021bele antreprenoriale \u0219i digitale, printr-o mai bun\u0103 anticipare a schimb\u0103rii \u0219i a cerin\u021belor de noi competen\u021be bazate pe nevoile pie\u021bei muncii, precum \u0219i prin facilitarea tranzi\u021biilor profesionale \u0219i promovarea mobilit\u0103\u021bii profesionale (FSE+)\u2019\u2019. <strong><em>9.g.4. Implementarea programului \u201ePachet de baz\u0103 pentru persoanele f\u0103r\u0103\/cu nivel sc\u0103zut de formare\u201d<\/em><\/strong><\/p>\n\n\n\n<p>Selec\u021bia partenerului privat se realizeaz\u0103 cu respectarea regimului incompatibilit\u0103\u021bilor \u0219i conflictului de interese \u0219i a urm\u0103toarelor principii: transparen\u021b\u0103, nediscriminare, tratament egal, eficien\u021ba utilizarii fondurilor, legalitate \u0219i trasabilitate.<\/p>\n\n\n\n<p><strong>1. Obiectivul general al proiectului:<\/strong><\/p>\n\n\n\n<p>Consolidarea func\u021bion\u0103rii eficiente a pie\u021bei muncii \u0219i facilitarea accesului \u0219i a particip\u0103rii incluzive \u0219i egale la ocupare de calitate \u0219i durabil\u0103 pentru resursa de for\u021b\u0103 de munc\u0103 \u0219i<\/p>\n\n\n\n<p>optimizarea sistemelor de educa\u021bie \u0219i formare pentru a r\u0103spunde cerin\u021belor pie\u021bei muncii prin promovarea accesului egal la educa\u021bie \u0219i stimularea \u00eenv\u0103\u021b\u0103rii pe tot parcursul vie\u021bii.<strong><\/strong><\/p>\n\n\n\n<p><strong>2. Obiectivul specific al proiectului:<\/strong><\/p>\n\n\n\n<p>Promovarea \u00eenv\u0103\u021b\u0103rii pe tot parcursul vie\u021bii, \u00een special a oportunit\u0103\u021bilor flexibile de actualizare a competen\u021belor \u0219i de recalificare pentru to\u021bi, \u021bin\u00e2nd seama de competen\u021bele antreprenoriale \u0219i digitale, printr-o mai bun\u0103 anticipare a schimb\u0103rii \u0219i a cerin\u021belor de noi competen\u021be bazate pe nevoile pie\u021bei muncii, precum \u0219i prin facilitarea tranzi\u021biilor profesionale \u0219i promovarea mobilit\u0103\u021bii profesionale (FSE+)<s><\/s><\/p>\n\n\n\n<p><strong>3. <\/strong><strong>Activit\u0103\u0163ile eligibile ce vor fi derulate in cadrul proiectului&nbsp;:<\/strong><\/p>\n\n\n\n<p>Activitatea 0 \u2013 Realizarea unei analize de nevoi in vederea identific\u0103rii necesarului de formare profesional\u0103 pentru persoanele f\u0103r\u0103 sau cu nivel sc\u0103zut de calificare (activitate obligatorie)<\/p>\n\n\n\n<p>Activitatea 1 \u2013 Furnizarea de servicii de orientare in carier\u0103 si consiliere profesional\u0103 &#8211; activitate relevant\u0103 \u0219i obligatorie<\/p>\n\n\n\n<p>Activitatea 2 \u2013 Furnizarea de servicii de evaluare \u0219i certificare \u2013 activitate relevant\u0103<\/p>\n\n\n\n<p>Activitatea 3 \u2013 Furnizarea de servicii personalizate de dob\u00e2ndire de competen\u021be de limba rom\u00e2n\u0103, matematica, competen\u021be IT \u2013 activitate relevant\u0103<\/p>\n\n\n\n<p>Activitatea 4 \u2013 Organizarea \u0219i derularea de programe de formare profesional\u0103 pentru persoanele din grupul \u021bint\u0103 \u2013 activitate relevant\u0103 \u0219i obligatorie<\/p>\n\n\n\n<p>Activitatea 5 \u2013 Activit\u0103\u021bi conexe\/activit\u0103\u021bi de acompaniament (activitate suport)<\/p>\n\n\n\n<ul class=\"wp-block-list\">\n<li><strong>Valoarea maxim\u0103 eligibil\u0103: <\/strong>este de<strong> 500.000 euro. <\/strong>Cursul de schimb care va fi utilizat pentru stabilirea acestei valori este cursul Inforeuro aferent lunii mai 2024, respectiv 1 Euro = 4,9759 RON;<\/li>\n<\/ul>\n\n\n\n<ul class=\"wp-block-list\">\n<li><strong>Durata estimat\u0103 a proiectului<\/strong>: 36 luni;<\/li>\n<\/ul>\n\n\n\n<p><strong>6<\/strong>. <strong>Grup \u0163int\u0103<\/strong> propus: persoane cu domiciliul\/re\u015fedin\u0163a \u00een regiunea Nord-Est:<\/p>\n\n\n\n<ul class=\"wp-block-list\">\n<li>Persoane cu v\u00e2rsta cuprins\u0103 intre 18-64 ani (la data intr\u0103rii in opera\u0163iune) f\u0103r\u0103\/cu nivel sc\u0103zut de formare.<\/li>\n<\/ul>\n\n\n\n<ul class=\"wp-block-list\">\n<li><strong>Regiunea<\/strong> <strong>de implementare ale proiectului<\/strong>: Nord-Est;<\/li>\n<\/ul>\n\n\n\n<p>Cerin\u0163ele generale pe care trebuie s\u0103 le \u00eendeplineasc\u0103 partenerul pentru a fi selectat \u00een vederea constituirii parteneriatului pentru depunerea cererii de finan\u0163are pentru viitorul proiect, precum \u015fi Criteriile de eligibilitate sunt specificate \u00een <em>Ghidul Solicitantului Condi\u021bii Generale PEO<\/em> 2021-2027 \u2013 martie 2023, <em>Ghidul Solicitantului Condi\u021bii Specifice \u201cPachet de baz\u0103 pentru persoanele f\u0103r\u0103\/cu nivel sc\u0103zut de formare<\/em>\u201d &#8211; Prioritate: P09 \u201eConsolidarea particip\u0103rii popula\u021biei \u00een procesul de \u00eenv\u0103\u021bare pe tot parcursul vie\u021bii pentru facilitarea tranzi\u021biilor \u0219i a mobilit\u0103\u021bii \u201c, Obiectiv specific: ESO4.7. \u201ePromovarea \u00eenv\u0103\u021b\u0103rii pe tot parcursul vie\u021bii, \u00een special a oportunit\u0103\u021bilor flexibile de actualizare a competen\u021belor \u0219i de &nbsp;recalificare pentru to\u021bi, \u021bin\u00e2nd seama de competen\u021bele antreprenoriale \u0219i digitale, printr-o mai bun\u0103 anticipare a schimb\u0103rii \u0219i a cerin\u021belor de noi competen\u021be bazate pe nevoile pie\u021bei muncii, precum \u0219i prin facilitarea tranzi\u021biilor profesionale \u0219i promovarea mobilit\u0103\u021bii profesionale (FSE+)\u201c, documente disponibile la <a href=\"https:\/\/mfe.gov.ro\/\">https:\/\/mfe.gov.ro\/<\/a>.<\/p>\n\n\n\n<p>NOT\u0102: <strong><em>Ne\u00eendeplinirea acestor cerin\u0163e \u015fi a criteriilor de eligibilitate determin\u0103 respingerea oric\u0103rei candidaturi<\/em><\/strong><\/p>\n\n\n\n<p><strong>Principalele activit\u0103\u0163i ce vor fi derulate in cadrul proiectului:&nbsp;<\/strong>Activit\u0103\u0163ile care vor face obiectul proiectului dezvoltat in parteneriat sunt activit\u0103\u0163ile eligibile men\u0163ionate in <em>Ghidul Solicitantului Condi\u021bii Specifice \u201cPachet de baz\u0103 pentru persoanele f\u0103r\u0103\/cu nivel sc\u0103zut de formare<\/em>\u201d;<\/p>\n\n\n\n<ul class=\"wp-block-list\">\n<li><strong>Activit\u0103\u0163ile \u00een care va\/vor fi implicat\/implicati partenerul\/partenerii:<\/strong><\/li>\n<\/ul>\n\n\n\n<p>Participan\u021bii in cadrul procedurii de selec\u021bie vor fi implica\u021bi in activit\u0103\u021bile proiectului, descrise anterior, pe care ace\u015ftia le pot implementa in func\u021bie de specificul fiec\u0103rui participant.<\/p>\n\n\n\n<p>Conform<em> Ghidului Solicitantului Condi\u021bii Generale PEO<\/em> 2021-2027, se va depune o <em>not\u0103 justificativ\u0103 <\/em>care va con\u0163ine o analiz\u0103 a valorii adaugate a parteneriatului in ceea ce prive\u015fte utilizarea eficient\u0103 a fondurilor precum \u015fi rolul si responsabilitatile, contributia si expertiza\/experienta relevanta pentru implementarea proiectului;<\/p>\n\n\n\n<p><strong><em>Not\u0103: <u>Participan\u0163ii selecta\u0163i au obligativitatea de a participa la elaborarea cererii de finan\u0163are<\/u><\/em><\/strong><\/p>\n\n\n\n<p><strong>9. Cerin\u0163ele de eligibilitate ale partenerului (<\/strong>aplicabile fiecarui tip de partener)<strong>&nbsp;&nbsp;&nbsp;&nbsp;&nbsp;<\/strong><\/p>\n\n\n\n<p>Selectarea unui partener \u00een cadrul proiectului se poate realiza numai dac\u0103 \u00eendepline\u015fte cerin\u0163ele stipulate la sectiunea 1.8. Reguli aplicabile in cazul parteneriatului din <em>Ghidul Solicitantului Condi\u021bii Generale Programul Educatie si Ocupare (PEO)<\/em> 2021-2027 \u2013<\/p>\n\n\n\n<p>https:\/\/mfe.gov.ro\/PEO-21-27\/, \u015fi \u00eencheierea unui Acord de Parteneriat ce va fi anexat la Contractul de Finan\u0163are, \u00een m\u0103sura \u00een care proiectul va fi acceptat, respectiv:<\/p>\n\n\n\n<ul class=\"wp-block-list\">\n<li>Partenerii na\u0163ionali sunt entit\u0103\u0163i legal constituite in Romania, cu personalitate juridic\u0103 (nu sunt eligibile persoanele fizice autorizate, intreprinderile individuale, intreprinderile familiale \u015fi alte entit\u0103\u0163i similare f\u0103r\u0103 personalitate juridic\u0103) ce desfasoar\u0103<\/li>\n<\/ul>\n\n\n\n<p>activit\u0103\u0163i relevante in cadrul proiectului \u015fi au in obiectul de activitate\/statut si activitatea\/activit\u0103\u0163ile din cadrul proiectului pentru care au rol de parteneri.<\/p>\n\n\n\n<p><strong>Parteneri eligibili la procedura de selec\u0163ie<\/strong>: se va avea \u00een vedere capitolul 5.1.: Eligibilitatea solicitan\u021bilor si partenerilor, din <em>Ghidul Solicitantului Condi\u021bii Specifice \u201cPachet de baz\u0103 pentru persoanele f\u0103r\u0103\/cu nivel sc\u0103zut de formare<\/em>\u201d<em>;<\/em><\/p>\n\n\n\n<p><strong><em><u>Nu pot face obiectul select\u0103rii ca partener \u015fi nu i se poate acorda finan\u0163area nerambursabil\u0103 solicitat\u0103 dac\u0103:<\/u><\/em><\/strong><\/p>\n\n\n\n<p>&#8211; este in situa\u0163ie de criz\u0103 financiar\u0103\/ redresare financiar\u0103\/ \u00een stare de insolven\u0163\u0103, conform Ordonan\u021bei de Urgen\u021b\u0103 a Guvernului nr. 46\/2013 privind criza financiar\u0103 \u0219i insolven\u021ba unit\u0103\u021bilor administrative teritoriale, cu modific\u0103rile \u0219i complet\u0103rile ulterioare, respectiv se afla intr-o procedura de insolven\u021b\u0103 conform Legii nr. 85\/2014 privind procedurile de prevenire a insolven\u0163ei \u015fi de insolven\u0163\u0103, cu modific\u0103rile \u0219i complet\u0103rile ulterioare, dup\u0103 caz. \u00cen cazul partenerilor transna\u021bionali, se afla intr-o situa\u021bie similar\u0103 reglementat\u0103 la nivelul cadrului legal aferent statului de provenien\u021b\u0103;<\/p>\n\n\n\n<p>&#8211; a suferit condamn\u0103ri definitive datorate unei conduite profesionale \u00eendreptat\u0103 \u00eempotriva legii, decizie formulat\u0103 de o autoritate de judecat\u0103 ce are for\u0163\u0103 de <em>res judicata<\/em><\/p>\n\n\n\n<p>&#8211; se afl\u0103 \u00een stare de faliment sau face obiectul unei proceduri de lichidare sau de administrare judiciar\u0103, are \u00eencheiate concordate, \u015fi-a suspendat\/ intrerupt activitatea \u00een ultimii 2 ani dinaintea depunerii cererii de finan\u0163are sau face obiectul unei proceduri \u00een urma acestor situa\u0163ii, sau se afl\u0103 \u00een situa\u0163ii similare \u00een urma unei proceduri de aceea\u015fi natur\u0103 prev\u0103zute de legisla\u0163ia sau de reglement\u0103rile na\u0163ionale;<\/p>\n\n\n\n<p>&#8211; a comis \u00een conduita profesional\u0103 gre\u015feli grave, demonstrate in instan\u021ba, pe care autoritatea contractant\u0103 le poate justifica;<\/p>\n\n\n\n<p>&#8211; a fost condamnat printr-o hot\u0103r\u00e2re definitiv\u0103 pentru fraud\u0103, corup\u021bie, participare la o organiza\u021bie criminal\u0103 sau la orice alte activit\u0103\u021bi ilegale \u00een detrimentul intereselor financiare ale Comunit\u0103\u0163ilor<\/p>\n\n\n\n<p>&#8211; se afl\u0103 \u00een situa\u0163ia de conflict de interese sau incompatibilitate, a\u0219a cum este definit in legisla\u021bia na\u021bionala si comunitara in vigoare.<\/p>\n\n\n\n<p>&#8211; se face vinovat de declara\u021bii false \u00een furnizarea informa\u021biilor solicitate de AM\/OI responsabil sau a omis s\u0103 furnizeze informa\u021bii care ar putea avea ca efect \u00eencadrarea intr-o situatie de neeligibilitate.<\/p>\n\n\n\n<p><strong><em>Partenerul<\/em><\/strong><em> trebuie s\u0103 fie implicat \u00een <strong><u>cel pu\u021bin o activitate relevant\u0103 si obligatorie <\/u><\/strong>(mentionata la sectiunea 5.2.2. Activitati eligibile din prezentul Ghid)<\/em><\/p>\n\n\n\n<p>Prin activitate relevant\u0103 se \u00een\u021belege acea activitate cadru care contribuie \u00een mod direct la atingerea indicatorilor. In vederea constituirii parteneriatului pentru depunerea cererii de finan\u0163are pentru viitorul proiect, condi\u0163iile pe care trebuie s\u0103 le \u00eendeplineasc\u0103 partenerul sunt:<\/p>\n\n\n\n<ul class=\"wp-block-list\">\n<li>Partenerul trebuie s\u0103 desf\u0103\u015foare activit\u0103\u0163i relevante pentru domeniul proiectului \u015fi are in obiectul de activitate inclusiv activitatea\/activita\u0163ile din cadrul proiectului pentru care are rol de partener; prevederea referitoare la obiectul de activitate nu este aplicabil\u0103 sindicatelor, patronatelor si asocia\u0163iilor profesionale;<\/li>\n\n\n\n<li>Partenerul este obligat s\u0103 contribuie financiar la implementarea proiectului, respectiv sa aiba alocate cheltuieli eligibile din totalul cheltuielilor eligibile prevazute in buget, corespunzator activitatilor in care este implicat fiecare partener, conform prevederilor <em>Ghidul Solicitantului Condi\u021bii Specifice \u201cPachet de baz\u0103 pentru persoanele f\u0103r\u0103\/cu nivel sc\u0103zut de formare<\/em>\u201d<em>;<\/em><\/li>\n\n\n\n<li>Partenerul trebuie s\u0103 asigure \u00een cadrul proiectului, rolul \u015fi activit\u0103\u0163ile pentru care va fi responsabil, conform cererii de finan\u0163are ce va fi intocmit\u0103 in colaborare \u015fi a Acordului de parteneriat.<\/li>\n<\/ul>\n\n\n\n<p><strong>Capacitatea financiar\u0103 \u015fi opera\u0163ional\u0103<\/strong>:<\/p>\n\n\n\n<ul class=\"wp-block-list\">\n<li>Partenerul are experien\u0163\u0103 a cel putin 1 proiect cu finan\u0163are nerambursabil\u0103 si\/sau are experien\u0163\u0103 de cel pu\u0163in 6 luni in domeniul proiectului.<\/li>\n\n\n\n<li>Partenerul trebuie s\u0103 demonstreze c\u0103 are capacitatea financiar\u0103 \u015fi opera\u0163ional\u0103, astfel \u00eenc\u00e2t s\u0103 nu afecteze capacitatea opera\u0163ional\u0103 \u015fi financiar\u0103 a parteneriatului, respectiv dispune de resursele financiare necesare, conform algoritmului prezentat in <em>Ghidul Solicitantului Condi\u021bii Generale Programul Educatie si Ocupare (PEO)<\/em> 2021-2027<strong>;<\/strong><\/li>\n<\/ul>\n\n\n\n<p><strong>Ofertantul se poate considera calificat numai in cazul in care la toate criteriile de calificare a fost bifata rubrica \u201cDA,, <em>in Grila de evaluare etapa de calificare a candidatilor<\/em> \u2013 <\/strong>Anexa 4<\/p>\n\n\n\n<p><strong>10.Dosarul de participare<\/strong><\/p>\n\n\n\n<p>10.1 Solicitan\u0163ii operatori economici, interesa\u0163i de acest parteneriat vor depune documentele solicitate, completate, semnate \u015fi \u015ftampilate de catre reprezentantul legal, astfel:<\/p>\n\n\n\n<p>&#8211; in format fizic, po\u015fta, curier <strong>intr-un plic sigilat <\/strong>pe care se va specifica:<\/p>\n\n\n\n<p>\u201c<em>In aten\u0163ia AJOFM Neam\u0163<\/em>, <em>pentru selec\u0163ia de parteneri<\/em> sector privat pentru <em>Programul Educa\u0163ie \u015fi Ocupare (PEO), <\/em><em>Prioritate: P09 \u201eConsolidarea particip\u0103rii popula\u021biei \u00een procesul de \u00eenv\u0103\u021bare pe tot parcursul vie\u021bii pentru facilitarea tranzi\u021biilor \u0219i a mobilit\u0103\u021bii<\/em><em>, <\/em><em>Obiectivului specific: ESO4.7. \u201ePromovarea \u00eenv\u0103\u021b\u0103rii pe tot parcursul vie\u021bii, \u00een special a oportunit\u0103\u021bilor flexibile de actualizare a competen\u021belor \u0219i de recalificare pentru to\u021bi, \u021bin\u00e2nd seama de competen\u021bele antreprenoriale \u0219i digitale, printr-o mai bun\u0103 anticipare a schimb\u0103rii \u0219i a cerin\u021belor de noi competen\u021be bazate pe nevoile pie\u021bei muncii, precum \u0219i prin facilitarea tranzi\u021biilor profesionale \u0219i promovarea mobilit\u0103\u021bii profesionale (FSE+)\u2019<\/em>\u2019. <strong><em>9.g.4. Implementarea programului \u201ePachet de baz\u0103 pentru persoanele f\u0103r\u0103\/cu nivel sc\u0103zut de formare\u201d, <\/em><\/strong>conform anun\u0163ului nr.______________\/______________ la sediul Agen\u0163iei Jude\u0163ene pentru Ocuparea For\u0163ei de Munc\u0103 Neam\u0163, str. Privighetorii, Bl. B13, parter.<strong><em><\/em><\/strong><\/p>\n\n\n\n<p><strong><em>&#8211; <\/em><\/strong>in format electronic, fax (documente scanate, pdf, numerotate, opisate), pe adresa de mail: <a href=\"mailto:ajofm.nt@anofm.gov.ro\">ajofm.nt@anofm.gov.ro<\/a><\/p>\n\n\n\n<p>10.2.Dosarul pentru solicitan\u021bii operatorilor economici trebuie s\u0103 con\u021bin\u0103 urm\u0103toarele documente:<\/p>\n\n\n\n<ul class=\"wp-block-list\">\n<li><strong>\u00cen copie<\/strong>, semnat\u0103 \u0219i certificat\u0103 conform cu originalul de c\u0103tre reprezentantul legal:<\/li>\n<\/ul>\n\n\n\n<p>a. Certificatul de \u00eenregistrare la Registrul Comer\u021bului(operatori economici)\/statut\/acte constitutive;<\/p>\n\n\n\n<p>b. Certificat constatator emis de Oficiul Registrului Comer\u021bului de pe l\u00e2ng\u0103 Tribunalul teritorial, eliberat cu cel mult 30 de zile \u00eenainte de data depunerii ofertelor care s\u0103 ateste c\u0103 domeniul de activitate al ofertantului corespunde obiectului procedurii \u0219i faptul c\u0103 nu sunt \u00eenscrise men\u021biuni cu privire la aplicarea legii privind procedura insolven\u021bei-operatori economici;<\/p>\n\n\n\n<p>c. Certificat de \u00eenregistrare fiscal\u0103;<\/p>\n\n\n\n<p>d. Rezultatul exerci\u021biului financiar pentru ultimii 4 ani &#8211; bilan\u021b contabil \u0219i contul de profit \u0219i pierderi, vizate \u0219i \u00eenregistrate de organul competent;<\/p>\n\n\n\n<p>e. Experien\u021ba relevant\u0103 (document suport) &#8211; se va prezenta contractul adus ca referin\u021b\u0103, recomandare de la benefiarul contractului respectiv sau alte documente considerate relevante pentru demonstrarea experien\u021bei partenerului pentru domeniul proiectului;<\/p>\n\n\n\n<ul class=\"wp-block-list\">\n<li><strong>\u00cen original<\/strong>:<\/li>\n<\/ul>\n\n\n\n<p>f. Scrisoare de inten\u021bie (conform model ata\u0219at \u2013 <em>Anexa 2<\/em>);<\/p>\n\n\n\n<p>g. Fi\u0219a partenerului (conform model ata\u0219at \u2013 <em>Anexa 3<\/em>);<\/p>\n\n\n\n<p><em>\u00cen Scrisoarea de inten\u021bie \u0219i \u00een Fi\u0219a partenerului participan\u021bii vor men\u021biona cel pu\u021bin o activitate cadru a proiectului pentru care dispun de resursele materiale \u0219i umane necesare \u0219i vor furniza o scurt\u0103 descriere a ac\u021biunilor propuse \u00een cadrul acestei activit\u0103\u021bi cu prezentarea aspectelor considerate esen\u021biale pentru ob\u021binerea rezultatelor a\u0219teptate \u0219i atingerea obiectivelor \u0219i a contribu\u021biei \u00een parteneriat: plusvaloarea adus\u0103 proiectului;<\/em><\/p>\n\n\n\n<p>h. Declara\u021bie pe propria r\u0103spundere a reprezentantului legal (semnat\u0103 \u0219i \u0219tampilat\u0103 de c\u0103tre acesta) c\u0103 nu se \u00eencadreaz\u0103 \u00een niciuna din situa\u021biile de excludere stipulate \u00een cadrul Regulilor generale privind eligibilitatea solicitan\u021bilor stipulate \u00een documentele cadru de implementare (ex. ghidul solicitantului orient\u0103ri generale, ghid solicitantului condi\u021bii specifice, dup\u0103 caz \u00een func\u021bie de programul accesat);&nbsp;<\/p>\n\n\n\n<p>i. Declara\u021bia pe propria r\u0103spundere (semnat\u0103) prin care \u00ee\u0219i asum\u0103 s\u0103 depun\u0103 toate diligen\u021bele pentru a asigura resursele financiare \u0219i umane necesare pe toat\u0103 durata de implementare a proiectului \u0219i sus\u021binere a cofinan\u021b\u0103rii;<\/p>\n\n\n\n<p>j. Declara\u021bie pe propria r\u0103spundere a reprezentantului legal (semnat\u0103) care atest\u0103 faptul ca participantul nu este subiect al unui conflict de interese;<\/p>\n\n\n\n<p>k. Declara\u021bie pe propria r\u0103spundere a reprezentantului legal (semnat\u0103) pentru asigurarea perioadei de sustenabilitate, ulterioare \u00eenchiderii proiectului, conform documentelor cadru de implementare (ex.Ghidul solicitantului orient\u0103ri generale, Ghid condi\u021bii specifice, dup\u0103 caz, \u00een func\u021bie de programul accesat);&nbsp;<\/p>\n\n\n\n<p>l. Certificat de atestare fiscal\u0103 privind \u00eendeplinirea obliga\u021biilor de plat\u0103 a impozitelor \u0219i taxelor locale;<\/p>\n\n\n\n<p>m. Certificat fiscal eliberat de Administra\u021bia financiar\u0103 teritorial\u0103 la care este arondat sediul persoanei juridice privind \u00eendeplinirea obliga\u021biilor de plat\u0103 la bugetul de stat;<\/p>\n\n\n\n<p>n. Not\u0103 justificativ\u0103 care va con\u021bine o analiz\u0103 a valorii ad\u0103ugate a parteneriatului \u00een ceea ce prive\u0219te utilizarea eficient\u0103 a fondurilor, precum \u0219i rolul partenerului \u00een implementarea proiectului.<\/p>\n\n\n\n<p><strong>Nota justificativ\u0103 va fi inso\u021bit\u0103 de:<\/strong><\/p>\n\n\n\n<p><em>&#8211; CV-urile \u00een format EUROPASS ale exper\u021bilor propu\u0219i de partener pentru proiect;<\/em><\/p>\n\n\n\n<p><em>&#8211; Fiecare CV trebuie s\u0103 specifice pozi\u021bia pentru care expertul este propus \u00een proiect \u0219i trebuie s\u0103 fie semnat \u0219i datat de expert;<\/em><\/p>\n\n\n\n<p><em>&#8211; Lista resurselor materiale de\u021binute de partener \u0219i propuse pentru utilizare \u00een cadrul proiectului (ex.:materiale, echipamente, vehicule, spa\u021bii disponibile pentru desf\u0103\u0219urarea activit\u0103\u021bilor proiectului);<\/em><\/p>\n\n\n\n<p><em>&#8211; Analiz\u0103 de costuri pentru fundamentarea bugetului necesar pentru servicii corespunz\u0103toare activit\u0103\u021bilor propuse;<\/em><\/p>\n\n\n\n<p><em>&#8211; Alte documente prev\u0103zute prin Ghidul &nbsp;specific.<\/em><\/p>\n\n\n\n<p>Toate documentele solicitate vor fi prezentate \u00een limba rom\u00e2n\u0103 \u0219i vor fi depuse \u00een forma precizat\u0103 \u0219i \u00een termenul stabilit prin anun\u021b, asumate de reprezentantul legal (semn\u0103tur\u0103), dup\u0103 caz.<\/p>\n\n\n\n<p><strong>11. <\/strong><strong>Depunerea dosarelor de candidatur\u0103:<\/strong><\/p>\n\n\n\n<p>11.1. Entit\u0103\u021bile interesate s\u0103 participe la selec\u021bie vor depune toate documentele \u015fi informa\u0163iile solicitate, la sediul institu\u0163iei &nbsp;p\u00e2n\u0103 la data de <strong>21.10.<em>2024<\/em>, ora <em>14.00 <\/em><\/strong>sau mijloace electronice <strong>ora 24.00.<\/strong><\/p>\n\n\n\n<p>11.2. Dosarul trebuie s\u0103 cuprind\u0103 documentele prev\u0103zute la pct. 10.1 \u0219i 10.2.<\/p>\n\n\n\n<p><strong>12. Evaluarea dosarelor<\/strong>:<\/p>\n\n\n\n<p>Pe baza documenta\u021biei depus\u0103, Comisia de selectare a ofertelor de parteneriat va verifica \u00eendeplinirea criteriilor de calificare, conform <em>Grilei de evaluare etapa de calificare a participan\u021bilor<\/em> \u2013 <em>Anexa 4<\/em><em><\/em><\/p>\n\n\n\n<p>Cei care au \u00eendeplinit criteriile de calificare vor trece \u00een etapa de evaluare, etap\u0103 \u00een care se va folosi <em>Grila de evaluare \u0219i selec\u021bie a participan\u021bilor<\/em> \u2013 <em>Anexa 5<\/em>. Dosarele vor fi punctate de la 1 la 100 conform grilei. Vor fi declara\u0163i <em><u>admisi<\/u><\/em> candida\u0163ii care \u00eentrunesc punctajul cel mai<\/p>\n\n\n\n<p>mare dar nu mai pu\u021bin de <em><u>60 de puncte<\/u><\/em>. Partenerii vor fi selecta\u0163i in ordinea descresc\u0103toare a punctajului ob\u0163inut, p\u00e2n\u0103 la acoperirea tuturor activit\u0103\u0163ilor proiectului;<\/p>\n\n\n\n<p><strong>13. Rezultatul selec\u0163iei<\/strong>, care se va materializa intr-un Raport, va fi publicat pe site-ul <a href=\"mailto:ajofm.nt@anofm.gov.ro\">ajofm.nt@anofm.gov.ro<\/a>, printr-un <strong><em>anun\u021b<\/em><\/strong> care va con\u021bine informa\u021bii privind candida\u021bii participan\u021bi la procedur\u0103, admi\u0219i \u0219i respin\u0219i \u0219i punctajul ob\u021binut de fiecare dintre ace\u0219tia, in termen de maxim 2 zile de la incheierea perioadei de primire a documenta\u0163iilor de la poten\u0163iali parteneri, iar partenerii selecta\u0163i vor fi contacta\u0163i direct, la datele de contact furnizate \u00een Fi\u0219a partenerului;<\/p>\n\n\n\n<p><strong>14. Termene de realizare:<\/strong><\/p>\n\n\n\n<p>&#8211; Publicarea Anun\u0163ului cu privire la inten\u0163ia de selectare a partenerului \/ partenerilor si condi\u0163iile ce trebuie s\u0103 le indeplineasc\u0103: <strong>04.10.2024<\/strong>;<\/p>\n\n\n\n<p>&#8211; Emiterea Actului administrativ (Decizie) de stabilire a comisiei de evaluare a ofertelor: <strong>27.06.2024<\/strong>;<\/p>\n\n\n\n<p>&#8211; Data limit\u0103 a depunerii Dosarului de \u00eenscriere: <strong>21.10.2024<\/strong>, <strong>ora 14.00 <\/strong>(in format fizic)sau <strong>24.00 <\/strong>(in format electronic);<\/p>\n\n\n\n<p>&#8211; Eventuale solicit\u0103ri de clarific\u0103ri se pot trimite pan\u0103 la data de: <strong>16.10.2024, ora 14:00<\/strong>.<\/p>\n\n\n\n<p>&#8211; Transmiterea r\u0103spunsurilor la clarific\u0103rile solicitate de aplican\u0163i se va efectua in termen de maxim doua zile lucr\u0103toare, f\u0103r\u0103 a dep\u0103\u015fi data de: <strong>17.10.2024, ora 14.00<\/strong> ;<\/p>\n\n\n\n<p>&#8211; Data stabilita pentru deschiderea si evaluarea documentatiei depuse este <strong>22.10.2024<\/strong>, <strong>ora 10,00<\/strong> &nbsp;&nbsp;&nbsp;&nbsp;&nbsp;&nbsp;&nbsp; la sediul Centrului de formare profesionala din Piatra Neamt, Piata Mihail Kogalniceanu, M3;<\/p>\n\n\n\n<p>&#8211; Data emiterii Raportului procedurii de selec\u0163ie: <strong>22.10.2024<\/strong>;<\/p>\n\n\n\n<p>&#8211; Data transmiterii Adresei de acceptare a partenerilor: <strong>22.10.2024;<\/strong><\/p>\n\n\n\n<p>&#8211; Data public\u0103rii Anun\u0163ului cu privire la rezultatul procedurii de selec\u0163ie: <strong>22.10.2024<\/strong><\/p>\n\n\n\n<p><strong>15. Solu\u0163ionarea contesta\u0163iilor<\/strong><\/p>\n\n\n\n<p>Ofertan\u021bii care <strong><em>nu au fost selecta\u021bi<\/em><\/strong> ca parteneri pot depune \u00een termen de <strong>1 zi lucr\u0103toare<\/strong> de la data public\u0103rii rezultatului procedurii la sediul AJOFM Neam\u0163, contesta\u021bii care se solu\u021bioneaz\u0103 de comisia de contesta\u021bie \u00een termen de <strong>2 zile lucr\u0103toare <\/strong>de la data expir\u0103rii termenului de depunere a contesta\u021biilor.<\/p>\n\n\n\n<p><strong>Faptul c\u0103 o entitate a fost selectat\u0103 ca poten\u021bial partener, nu creeaz\u0103 nicio obliga\u0163ie pentru <\/strong><strong><em>Agen\u0163ia Jude\u0163ean\u0103 pentru Ocuparea For\u0163ei de Munc\u0103 Neam<\/em><\/strong><strong><em>\u021b<\/em><\/strong><strong>, \u00een situa\u0163ia \u00een care cererea de finan\u0163are depus\u0103 nu a fost selectat\u0103 pentru finan\u0163are.<\/strong><\/p>\n\n\n\n<p><em>Toate activit\u0103\u0163ile desf\u0103\u015furate \u00een timpul elabor\u0103rii dosarului cererii de finan\u0163are nu fac obiectul niciunei preten\u0163ii de natur\u0103 financiar\u0103, sau de orice alt\u0103 natur\u0103, pentru niciuna dintre p\u0103r\u0163i<\/em>.<\/p>\n\n\n\n<p><strong><em>Agen\u0163ia Jude\u0163ean\u0103 pentru Ocuparea For\u0163ei de Munc\u0103 Neam<\/em><\/strong><strong><em>\u021b<\/em><\/strong><strong><em> \u00ee\u015fi rezerv\u0103 dreptul de a solicita documente suport suplimentare partenerului selectat \u00eenainte de \u00eencheierea acordului de parteneriat.<\/em><\/strong><\/p>\n\n\n\n<p><strong>16. Informa\u0163ii suplimentare<\/strong><\/p>\n\n\n\n<p>Informa\u0163ii suplimentare privind procedura de selec\u0163ie pot fi ob\u0163inute la tel. 0233.237.780, fax: 0233.213.424, e-mail: <a href=\"mailto:ajofm.nt@anofm.gov.ro\">ajofm.nt@anofm.gov.ro<\/a>, persoana de contact: Liliana Trifan \u2013 insp. superior &#8211; tel. 0233.210.760<\/p>\n\n\n\n<p><strong>Anexe:<\/strong><\/p>\n\n\n\n<p><strong><em>Anexa 2 \u2013 model Scrisoare de inten<\/em><\/strong><strong><em>\u021b<\/em><\/strong><strong><em>ie<\/em><\/strong><\/p>\n\n\n\n<p><strong><em>Anexa 3 \u2013 model Fisa partener<\/em><\/strong><\/p>\n\n\n\n<p><strong><em>Anexa 4 \u2013 Gril<\/em><\/strong><strong><em>\u0103 <\/em><\/strong><strong><em>de evaluare etapa de calificare a ofertan<\/em><\/strong><strong><em>\u0163<\/em><\/strong><strong><em>ilor<\/em><\/strong><\/p>\n\n\n\n<p><strong><em>Anexa 5 &#8211; Grila evaluare \u015fi selectare a ofertan<\/em><\/strong><strong><em>\u0163<\/em><\/strong><strong><em>ilor<\/em><\/strong><\/p>\n\n\n\n<p>(<em>Anexele<\/em> vor fi publicate pe site-ul&nbsp; A.J.O.F.M. NEAM\u021a impreuna cu <em>Anun\u0163ul de inten\u0163ie<\/em>)<\/p>\n\n\n\n<p class=\"has-text-align-center\"><strong>Daniel Chirila<\/strong><\/p>\n\n\n\n<p class=\"has-text-align-center\">Director Executiv<\/p>\n\n\n\n<p class=\"has-text-align-right\">Intocmit,<\/p>\n\n\n\n<p class=\"has-text-align-right\">Liliana Trifan<\/p>\n\n\n\n<p class=\"has-text-align-right\">Insp.&nbsp; superior<\/p>\n\n\n\n<p class=\"has-text-align-right\">Comp. Monitorizare proiecte<\/p>\n\n\n\n<p class=\"has-text-align-right\">finan\u0163ate din FSE,<\/p>\n\n\n\n<p class=\"has-text-align-right\">informatica<\/p>\n\n\n\n<p class=\"has-text-align-right\">&nbsp;si managementul<\/p>\n\n\n\n<p class=\"has-text-align-right\">bazelor de date<\/p>\n\n\n\n<div class=\"file-list-wrap\"><p class=\"h4\">Documente desc\u0103rcabile<\/p><ul class=\"file-list\">\n<li><a href=\"https:\/\/www.anofm.ro\/neamt\/wp-content\/uploads\/sites\/31\/2024\/10\/Anexa-nr.2.docx\" download>Anexa-nr.2.docx<\/a><\/li>\n\n\n\n<li><a href=\"https:\/\/www.anofm.ro\/neamt\/wp-content\/uploads\/sites\/31\/2024\/10\/Anexa-nr.3.docx\" download>Anexa-nr.3.docx<\/a><\/li>\n\n\n\n<li><a href=\"https:\/\/www.anofm.ro\/neamt\/wp-content\/uploads\/sites\/31\/2024\/10\/Anexa-nr.4.pdf\" download>Anexa-nr.4.pdf<\/a><\/li>\n\n\n\n<li><a href=\"https:\/\/www.anofm.ro\/neamt\/wp-content\/uploads\/sites\/31\/2024\/10\/Anexa-nr.5.pdf\" download>Anexa-nr.5.pdf<\/a><\/li>\n<\/ul><\/div>\n","protected":false},"excerpt":{"rendered":"<p>In conformitate cu prevederile art.34 alin (1) din OUG nr. 133 din 17 decembrie 2021 privind gestionarea financiar\u0103 a fondurilor europene pentru perioada de programare 2021-2027 si art.46 din HG<\/p>\n","protected":false},"author":24,"featured_media":0,"comment_status":"closed","ping_status":"closed","sticky":false,"template":"","format":"standard","meta":{"footnotes":""},"categories":[20],"tags":[],"class_list":["post-4263","post","type-post","status-publish","format-standard","hentry","category-proiecte"],"_links":{"self":[{"href":"https:\/\/www.anofm.ro\/neamt\/wp-json\/wp\/v2\/posts\/4263","targetHints":{"allow":["GET"]}}],"collection":[{"href":"https:\/\/www.anofm.ro\/neamt\/wp-json\/wp\/v2\/posts"}],"about":[{"href":"https:\/\/www.anofm.ro\/neamt\/wp-json\/wp\/v2\/types\/post"}],"author":[{"embeddable":true,"href":"https:\/\/www.anofm.ro\/neamt\/wp-json\/wp\/v2\/users\/24"}],"replies":[{"embeddable":true,"href":"https:\/\/www.anofm.ro\/neamt\/wp-json\/wp\/v2\/comments?post=4263"}],"version-history":[{"count":2,"href":"https:\/\/www.anofm.ro\/neamt\/wp-json\/wp\/v2\/posts\/4263\/revisions"}],"predecessor-version":[{"id":4269,"href":"https:\/\/www.anofm.ro\/neamt\/wp-json\/wp\/v2\/posts\/4263\/revisions\/4269"}],"wp:attachment":[{"href":"https:\/\/www.anofm.ro\/neamt\/wp-json\/wp\/v2\/media?parent=4263"}],"wp:term":[{"taxonomy":"category","embeddable":true,"href":"https:\/\/www.anofm.ro\/neamt\/wp-json\/wp\/v2\/categories?post=4263"},{"taxonomy":"post_tag","embeddable":true,"href":"https:\/\/www.anofm.ro\/neamt\/wp-json\/wp\/v2\/tags?post=4263"}],"curies":[{"name":"wp","href":"https:\/\/api.w.org\/{rel}","templated":true}]}}