{"id":4232,"date":"2024-10-02T08:44:46","date_gmt":"2024-10-02T05:44:46","guid":{"rendered":"https:\/\/www.anofm.ro\/neamt\/?p=4232"},"modified":"2025-05-26T09:40:54","modified_gmt":"2025-05-26T06:40:54","slug":"anunt-de-intentie-selectie-resursa-umana-pentru-proiect-start-investeste-in-calificare-pentru-viitor","status":"publish","type":"post","link":"https:\/\/www.anofm.ro\/neamt\/anunt-de-intentie-selectie-resursa-umana-pentru-proiect-start-investeste-in-calificare-pentru-viitor\/","title":{"rendered":"Anun\u021b de inten\u021bie selec\u021bie resurs\u0103 uman\u0103 pentru Proiect &#8222;START-Investe\u0219te \u00een calificare pentru viitor&#8221;"},"content":{"rendered":"\n<p>ANUN\u021a<\/p>\n\n\n\n<p>privind organizarea selec\u021biei pentru ocuparea posturilor de responsabil financiar intern (1 post) \u0219i expert de implementare jude\u021bean (1 post) din cadrul Proiectului &#8222;START-Investe\u0219te \u00een calificare pentru viitor!&#8221;<\/p>\n\n\n\n<pre class=\"wp-block-code\"><code>Agen\u021bia Jude\u021bean\u0103 pentru Ocuparea For\u021bei de Munc\u0103 NEAMT, cu sediul \u00een PIATRA NEAMT, str.Privighetorii nr.21-23,  organizeaz\u0103, \u00een perioada 2.10.2024-11.10.2024 selec\u021bia resurselor umane din cadrul echipei de implementare a Proiectului \"START-Investeste in calificare pentru viitor!\u201d pentru urm\u0103toarele posturi:<\/code><\/pre>\n\n\n\n<ul class=\"wp-block-list\">\n<li>responsabil financiar intern &#8211; 1 post;<\/li>\n\n\n\n<li>expert implementare jude\u021bean \u20131 post; Pot participa la selec\u021bie numai persoanele care au calitatea de angaja\u021bi ai Agen\u021biei Jude\u021bene pentru Ocuparea For\u021bei de Munc\u0103 NEAMT, subordonat\u0103 a Agen\u021biei Na\u021bionale pentru Ocuparea For\u021bei de Munc\u0103.<br>Agen\u021bia Na\u021bional\u0103 pentru Ocuparea For\u021bei de Munc\u0103 are \u00een implementare, cu o durat\u0103 de maxim 60 de luni, proiectul &#8222;START-Investeste in calificare pentru viitor!\u201d din cadrul Programului Educa\u021bie \u0219i Ocupare 2021-2027, validat de c\u0103tre Ministerul Investi\u021biilor \u0219i Proiectelor Europene prin adresa nr.46699\/14.05.2024.<\/li>\n<\/ul>\n\n\n\n<p>Obiectivul general al proiectului: Cre\u0219terea oportunit\u0103\u021bilor de \u00eencadrare a 5.105 de \u0219omeri \u00eenregistra\u021bi la Serviciul Public de Ocupare (SPO)<br>Obiectivul specific al proiectului: Stimularea ocup\u0103rii \u0219omerilor \u00eenregistra\u021bi la Serviciul Public de Ocupare (SPO), prin acordarea sprijinului financiar angajatorilor, aferent \u00eencadr\u0103rii prin ucenicie la locul de munc\u0103 a 5.105 de persoane<\/p>\n\n\n\n<p>Activit\u0103\u021bile proiectului sunt:<br>A.1. Acordarea sprijinului financiar angajatorilor care \u00eencheie contracte de ucenicie cu \u0219omeri \u00eenregistra\u021bi la SPO<br>A.2. Verificare, aprobare, monitorizare, plat\u0103<br>A.3. Coordonarea \u0219i monitorizarea activit\u0103\u021bilor \u00een cadrul proiectului<\/p>\n\n\n\n<p>Posturile pentru care se organizeaz\u0103 selec\u021bia:<\/p>\n\n\n\n<ul class=\"wp-block-list\">\n<li>responsabil financiar intern \u2013 1 post<\/li>\n\n\n\n<li>expert implementare jude\u021bean \u2013 1 post<\/li>\n<\/ul>\n\n\n\n<p>Condi\u021biile de ocupare a postului de responsabil financiar intern (1 post):<\/p>\n\n\n\n<p>Generale: candidatul s\u0103 fie angajat al Agen\u021biei Jude\u021bene pentru Ocuparea For\u021bei de Munc\u0103 NEAMT;<br>Specifice:<br>Studii superioare universitare absolvite cu diplom\u0103 de licen\u021b\u0103\/de absolvire \u00een domeniul \u0219tiin\u021belor economice (3 ani) sau certificat\/diploma\/titlu \u00een domeniul finan\u021be\/ contabilitate;<br>Minim 1 an vechime \u00een munc\u0103;<br>Atribu\u021bii:<br>Planificarea financiar\u0103 detaliat\u0103 a pl\u0103\u0163ilor aferente activit\u0103\u0163ilor proiectului \u015fi monitorizarea \u00eencadr\u0103rii acestora \u00een termenele \u015fi nivelurile stabilite \u00een bugetul proiectului;<\/p>\n\n\n\n<p>Contabilitatea proiectului, eviden\u021bele financiar-contabile, \u00eentocmire rapoarte de evaluare financiar\u0103 trimestrial\u0103 \u0219i final\u0103 \u0219i CR;<br>Efectuare pl\u0103\u021bilor aferente proiectului;<br>Eviden\u021ba deconturilor.<\/p>\n\n\n\n<p>Condi\u021biile de ocupare a postului de expert de implementare jude\u021bean (1post):<br>Generale: candidatul s\u0103 fie angajat al Agen\u021biei Jude\u021bene pentru Ocuparea For\u021bei de Munc\u0103 NEAMT;<br>Specifice:<br>Studii medii absolvite cu diplom\u0103 de bacalaureat (4 ani)<br>Minim 1 an vechime \u00een munc\u0103<br>Atribu\u021bii:<br>Particip\u0103 la \u00eencheierea conven\u021biilor pentru acordarea sprijinului financiar pentru ucenicie;<br>Asigur\u0103 verificarea documentelor depuse pentru acordarea finan\u021b\u0103rii pentru ucenicie \u0219i \u00eendeplinirea condi\u021biilor pentru acordarea sprijinului din bugetul proiectului;<br>Asigur\u0103 monitorizarea \u00eendeplinirii obliga\u021biilor asumate prin \u00eencheierea conven\u021biei;<br>Centralizeaz\u0103 date \u0219i documente suport privind acordarea finan\u021b\u0103rii pentru ucenicie;<br>Elaboreaz\u0103 rapoarte, transmite la nivel central documentele\/informa\u021biile necesare monitoriz\u0103rii stadiului de implementare proiect \u0219i rapoarte;<br>Asigur\u0103 implementarea activit\u0103\u021bii 1 din cadrul proiectului;<br>Asigur\u0103 transmiterea documentelor aferente cererilor de rambursare \u00eentocmite la nivel central;<br>Monitorizeaz\u0103 \u00eencadrarea persoanelor dup\u0103 ie\u0219irea acestora din programele de ucenicie.<br>Eviden\u021ba deconturilor.<\/p>\n\n\n\n<p>\u00censcrierile se fac \u00een termen de 3 zile de la data public\u0103rii anun\u021bului pe site-ul institu\u021biei, respectiv \u00een perioada 02.10-04.10.2024, ora 16.30.<br>Dosarele candida\u021bilor se depun \u00een format electronic la adresa elena.bodnar.nt@anofm.gov.ro, conform specifica\u021biilor din anun\u021b \u0219i vor primi un num\u0103r de \u00eenregistrare, num\u0103r la care se va face referire \u00een toate anun\u021burile de pe parcursul derul\u0103rii procedurii de selec\u021bie, f\u0103r\u0103 a se men\u021biona numele \u0219i prenumele candida\u021bilor.<br>P\u00e2n\u0103 la finalizarea procedurii de selec\u021bie, fiecare candidat este obligat s\u0103 transmit\u0103 \u0219i dosarul \u00een format fizic.<br>Candidaturile depuse dup\u0103 data limit\u0103, indicat\u0103 \u00een anun\u021bul de selec\u021bie, precum \u0219i cele incomplete vor fi respinse.<br>\u00cen conformitate cu prevederile Cererii de finan\u021bare \u0219i anun\u021bului de selec\u021bie, dosarul de \u00eenscriere va con\u021bine urm\u0103toarele documente:<br>a) Scrisoarea de inten\u021bie a candidatului;<br>b) Copie, certificat\u0103 pentru conformitate cu originalul, a actului de identitate;<br>c) Curriculum vitae \u00een format european, \u00een limba rom\u00e2n\u0103, semnat \u0219i datat pe fiecare pagin\u0103;<br>d) Copii, certificate pentru conformitate cu originalul, ale actelor de studii;<br>e) Copia, certificat\u0103 pentru conformitate cu originalul, a certificatului de c\u0103s\u0103torie, \u00een situa\u021bia \u00een care exist\u0103 diferen\u021b\u0103 de nume \u00eentre actul de identitate \u0219i actele de studii;<br>f) Adeverin\u021b\u0103 de salariat;<br>g) Alte acte doveditoare privid experien\u021ba\/expertiza, calific\u0103rile specifice aferente pozi\u021biei;<br>h) Declara\u021bie prin care \u00ee\u0219i exprim\u0103 acordul privind prelucrarea datelor cu caracter personal;<br>i) Declara\u021bie pe propria r\u0103spundere privind inexisten\u021ba oric\u0103rei situa\u021bii de incompatibilitate\/conflict de interese la activit\u0103\u021bile proiectului.<\/p>\n\n\n\n<p>CALENDARUL SELECTIEI :<\/p>\n\n\n\n<ol class=\"wp-block-list\">\n<li>INSCRIERI (TRANSMITEREA DOSARELOR) 02.10-04.10.2024, ora 16.30.<\/li>\n\n\n\n<li>SELECTIA DOSARELOR : 07.10.2024 , ORA 10.00<\/li>\n\n\n\n<li>TERMEN CONTESTARE SELECTIA DOSARELOR : 08.10.2024 , ORA 16.00<\/li>\n\n\n\n<li>INTERVIUL : 09.10.2024, ORA 10.00, AFISARE REZULTATE 09.10.2024, ORA 16.30<\/li>\n\n\n\n<li>TERMEN CONTESTATIE INTERVIU: 10.10.2024, ORA 16.30<\/li>\n\n\n\n<li>AFISARE REZULTATE FINALE: 11.10.2024<\/li>\n<\/ol>\n\n\n\n<p>Persoan\u0103 de contact: Elena Bodnar-Compartiment Resurse Umane si Salarizare<br>Tel. 0233.237780; elena.bodnar.nt@anofm.gov.ro<\/p>\n\n\n\n<p>Director Executiv,<br>Daniel CHIRILA<\/p>\n\n\n\n<pre class=\"wp-block-code\"><code>Intocmit,\n                                                                 Elena Bodnar, \n                                                  Compartiment Resurse Umane si Salarizare<\/code><\/pre>\n\n\n\n<p><\/p>\n","protected":false},"excerpt":{"rendered":"<p>ANUN\u021a privind organizarea selec\u021biei pentru ocuparea posturilor de responsabil financiar intern (1 post) \u0219i expert de implementare jude\u021bean (1 post) din cadrul Proiectului &#8222;START-Investe\u0219te \u00een calificare pentru viitor!&#8221; Obiectivul general<\/p>\n","protected":false},"author":299,"featured_media":0,"comment_status":"closed","ping_status":"closed","sticky":false,"template":"","format":"standard","meta":{"footnotes":""},"categories":[7],"tags":[],"class_list":["post-4232","post","type-post","status-publish","format-standard","hentry","category-cariera-profesionala"],"_links":{"self":[{"href":"https:\/\/www.anofm.ro\/neamt\/wp-json\/wp\/v2\/posts\/4232","targetHints":{"allow":["GET"]}}],"collection":[{"href":"https:\/\/www.anofm.ro\/neamt\/wp-json\/wp\/v2\/posts"}],"about":[{"href":"https:\/\/www.anofm.ro\/neamt\/wp-json\/wp\/v2\/types\/post"}],"author":[{"embeddable":true,"href":"https:\/\/www.anofm.ro\/neamt\/wp-json\/wp\/v2\/users\/299"}],"replies":[{"embeddable":true,"href":"https:\/\/www.anofm.ro\/neamt\/wp-json\/wp\/v2\/comments?post=4232"}],"version-history":[{"count":3,"href":"https:\/\/www.anofm.ro\/neamt\/wp-json\/wp\/v2\/posts\/4232\/revisions"}],"predecessor-version":[{"id":4270,"href":"https:\/\/www.anofm.ro\/neamt\/wp-json\/wp\/v2\/posts\/4232\/revisions\/4270"}],"wp:attachment":[{"href":"https:\/\/www.anofm.ro\/neamt\/wp-json\/wp\/v2\/media?parent=4232"}],"wp:term":[{"taxonomy":"category","embeddable":true,"href":"https:\/\/www.anofm.ro\/neamt\/wp-json\/wp\/v2\/categories?post=4232"},{"taxonomy":"post_tag","embeddable":true,"href":"https:\/\/www.anofm.ro\/neamt\/wp-json\/wp\/v2\/tags?post=4232"}],"curies":[{"name":"wp","href":"https:\/\/api.w.org\/{rel}","templated":true}]}}