{"id":3883,"date":"2024-08-14T00:00:00","date_gmt":"2024-08-13T21:00:00","guid":{"rendered":"https:\/\/www.anofm.ro\/neamt\/anunt-de-intentie-selectie-partener-privat-pentru-proiect-finantat-prin-programul-educatie-si-ocupare-peo-2021-2027-6\/"},"modified":"2024-08-14T00:00:00","modified_gmt":"2024-08-13T21:00:00","slug":"anunt-de-intentie-selectie-partener-privat-pentru-proiect-finantat-prin-programul-educatie-si-ocupare-peo-2021-2027-6","status":"publish","type":"post","link":"https:\/\/www.anofm.ro\/neamt\/anunt-de-intentie-selectie-partener-privat-pentru-proiect-finantat-prin-programul-educatie-si-ocupare-peo-2021-2027-6\/","title":{"rendered":"Anunt de intentie selectie partener privat pentru proiect finantat prin Programul Educatie si Ocupare (PEO) 2021-2027"},"content":{"rendered":"<p style=\"margin-top: 0px;margin-bottom: 1rem;font-family: -apple-system, BlinkMacSystemFont,\">In conformitate cu prevederile art.34 alin (1) din OUG nr. 133 din 17 decembrie 2021 privind gestionarea financiar\u0103 a fondurilor europene pentru perioada de programare 2021-2027 si art.46 din HG 829\/2022, pentru aprobarea Normelor metodologice de aplicare a Ordonan\u0163ei de urgen\u0163\u0103 a Guvernului nr. 133\/2021,\u00a0<span style=\"font-weight: bolder\"><i>Agen\u0163ia Jude\u0163ean\u0103 pentru Ocuparea For\u0163ei de Munc\u0103 Neam\u021b<\/i><\/span>,\u00a0<span style=\"font-weight: bolder\"><u>anun\u021b\u0103\u00a0<\/u><\/span>organizarea unei\u00a0<i><span style=\"font-weight: bolder\">proceduri de selec\u021bie partener privat,<\/span><\/i>\u00a0\u00een vederea elabor\u0103rii, depunerii \u0219i implement\u0103rii unui proiect, \u00een cadrul Programului Educa\u0163ie \u015fi Ocupare (PEO), Prioritate: P09 \u201eConsolidarea particip\u0103rii popula\u021biei \u00een procesul de \u00eenv\u0103\u021bare pe tot parcursul vie\u021bii pentru facilitarea tranzi\u021biilor \u0219i a mobilit\u0103\u021bii, Obiectivului specific: ESO4.7. \u201ePromovarea \u00eenv\u0103\u021b\u0103rii pe tot parcursul vie\u021bii, \u00een special a oportunit\u0103\u021bilor flexibile de actualizare a competen\u021belor \u0219i de recalificare pentru to\u021bi, \u021bin\u00e2nd seama de competen\u021bele antreprenoriale \u0219i digitale, printr-o mai bun\u0103 anticipare a schimb\u0103rii \u0219i a cerin\u021belor de noi competen\u021be bazate pe nevoile pie\u021bei muncii, precum \u0219i prin facilitarea tranzi\u021biilor profesionale \u0219i promovarea mobilit\u0103\u021bii profesionale (FSE+)\u2019\u2019.\u00a0<\/p>\n<p style=\"margin-top: 0px;margin-bottom: 1rem;font-family: -apple-system, BlinkMacSystemFont,\"><span style=\"font-weight: bolder\"><i>9.g.4. Implementarea programului \u201ePachet de baz\u0103 pentru persoanele f\u0103r\u0103\/cu nivel sc\u0103zut de formare\u201d<\/i><\/span><\/p>\n<div class=\"file-list-wrap\">\n<ul class=\"file-list\">\n<li><a href=\"\/upload2\/Neam\u021b\/30459\/ANUNT_SELECT_PART_Pachet_de_baza_pers_fara-cu_niv_scaz_de_form_14.08.24.pdf\" download>ANUNT_SELECT_PART_Pachet_de_baza_pers_fara-cu_niv_scaz_de_form_14.08.24.pdf<\/a><\/li>\n<li><a href=\"\/upload2\/Neam\u021b\/30459\/Anexa_nr.2.docx\" download>Anexa_nr.2.docx<\/a><\/li>\n<li><a href=\"\/upload2\/Neam\u021b\/30459\/Anexa_nr.3.docx\" download>Anexa_nr.3.docx<\/a><\/li>\n<li><a href=\"\/upload2\/Neam\u021b\/30459\/Anexa_nr.4.pdf\" download>Anexa_nr.4.pdf<\/a><\/li>\n<li><a href=\"\/upload2\/Neam\u021b\/30459\/Anexa_nr.5.pdf\" download>Anexa_nr.5.pdf<\/a><\/li>\n<\/ul>\n<\/div>\n","protected":false},"excerpt":{"rendered":"<p>Anunt de intentie selectie partener privat pentru proiect finantat prin Programul Educatie si Ocupare (PEO) 2021-2027<\/p>\n","protected":false},"author":0,"featured_media":0,"comment_status":"closed","ping_status":"closed","sticky":false,"template":"","format":"standard","meta":{"footnotes":""},"categories":[4],"tags":[],"class_list":["post-3883","post","type-post","status-publish","format-standard","hentry","category-anunturi-diverse"],"_links":{"self":[{"href":"https:\/\/www.anofm.ro\/neamt\/wp-json\/wp\/v2\/posts\/3883","targetHints":{"allow":["GET"]}}],"collection":[{"href":"https:\/\/www.anofm.ro\/neamt\/wp-json\/wp\/v2\/posts"}],"about":[{"href":"https:\/\/www.anofm.ro\/neamt\/wp-json\/wp\/v2\/types\/post"}],"replies":[{"embeddable":true,"href":"https:\/\/www.anofm.ro\/neamt\/wp-json\/wp\/v2\/comments?post=3883"}],"version-history":[{"count":0,"href":"https:\/\/www.anofm.ro\/neamt\/wp-json\/wp\/v2\/posts\/3883\/revisions"}],"wp:attachment":[{"href":"https:\/\/www.anofm.ro\/neamt\/wp-json\/wp\/v2\/media?parent=3883"}],"wp:term":[{"taxonomy":"category","embeddable":true,"href":"https:\/\/www.anofm.ro\/neamt\/wp-json\/wp\/v2\/categories?post=3883"},{"taxonomy":"post_tag","embeddable":true,"href":"https:\/\/www.anofm.ro\/neamt\/wp-json\/wp\/v2\/tags?post=3883"}],"curies":[{"name":"wp","href":"https:\/\/api.w.org\/{rel}","templated":true}]}}