{"id":3880,"date":"2024-07-23T00:00:00","date_gmt":"2024-07-22T21:00:00","guid":{"rendered":"https:\/\/www.anofm.ro\/neamt\/anunt-de-intentie-selectie-partener-privat-pentru-proiect-finantat-prin-programul-educatie-si-ocupare-peo-2021-2027-4\/"},"modified":"2024-07-23T00:00:00","modified_gmt":"2024-07-22T21:00:00","slug":"anunt-de-intentie-selectie-partener-privat-pentru-proiect-finantat-prin-programul-educatie-si-ocupare-peo-2021-2027-4","status":"publish","type":"post","link":"https:\/\/www.anofm.ro\/neamt\/anunt-de-intentie-selectie-partener-privat-pentru-proiect-finantat-prin-programul-educatie-si-ocupare-peo-2021-2027-4\/","title":{"rendered":"Anunt de intentie selectie partener privat pentru proiect finantat prin Programul Educatie si Ocupare (PEO) 2021-2027"},"content":{"rendered":"<p class=\"Default\" style=\"margin-top: 0px;margin-bottom: 1rem;font-family: -apple-system, BlinkMacSystemFont,\"><span lang=\"RO\" style=\"font-size: 11pt;line-height: 22px;color: windowtext\">In conformitate cu prevederile art.34 alin (1) din OUG nr.\u00a0<\/span><span lang=\"RO\" style=\"font-size: 11pt;line-height: 22px;color: windowtext\">133 din 17 decembrie 2021 privind gestionarea financiar\u0103 a fondurilor europene pentru perioada de programare 2021-2027 si art.46 din HG 829\/2022, pentru aprobarea Normelor metodologice de aplicare a Ordonan\u0163ei de urgen\u0163\u0103 a Guvernului nr. 133\/2021,\u00a0<\/span><span style=\"font-weight: bolder\"><i><span lang=\"RO\" style=\"font-size: 11pt;line-height: 22px;color: windowtext\">Agen\u0163ia Jude\u0163ean\u0103 pentru Ocuparea For\u0163ei de Munc\u0103 Neam<\/span><\/i><\/span><span style=\"font-weight: bolder\"><i><span lang=\"RO\" style=\"font-size: 11pt;line-height: 22px;color: windowtext\">\u021b<\/span><\/i><\/span><span lang=\"RO\" style=\"font-size: 11pt;line-height: 22px;color: windowtext\">,\u00a0<span style=\"font-weight: bolder\"><u>anun\u021b\u0103\u00a0<\/u><\/span>organizarea unei\u00a0<span style=\"font-weight: bolder\"><i>proceduri de selec\u021bie partener privat<\/i><\/span>, \u00een vederea elabor\u0103rii, depunerii \u0219i implement\u0103rii unui proiect, \u00een cadrul Programului Educa\u0163ie \u015fi Ocupare (PEO),\u00a0<\/span><span lang=\"RO\" style=\"font-size: 11pt;line-height: 22px;color: windowtext\">Prioritate: P02 \u201e<i>Valorificarea poten\u021bialului tinerilor pe pia\u021ba muncii (Ocuparea for\u021bei de munc\u0103 \u00een r\u00e2ndul tinerilor)<\/i>\u201c<\/span><\/p>\n<p class=\"MsoNormal\" style=\"margin: 0cm 0cm 0.0001pt;font-family: -apple-system, BlinkMacSystemFont,\">Obiectiv specific: ESO4.1 \u201e<i>\u00cembun\u0103t\u0103\u021birea accesului la pia\u021ba muncii \u0219i m\u0103suri de activare pentru toate persoanele aflate \u00een c\u0103utarea unui loc de munc\u0103, \u00een special pentru tineri, \u00eendeosebi prin implementarea Garan\u021bei pentru tineret, pentru \u0219omerii de lung\u0103 durat\u0103 \u0219i grupurile defavorizate de pe pia\u021ba muncii \u0219i pentru persoanele inactive, precum \u0219i prin promovarea desf\u0103\u0219ur\u0103rii de activit\u0103\u021bi independente \u0219i a economiei sociale (FSE+)\u201d<\/i><\/p>\n<p class=\"Default\" style=\"margin-top: 0px;margin-bottom: 1rem;font-family: -apple-system, BlinkMacSystemFont,\">\n<p class=\"Default\" style=\"text-align:justify;line-height:150%\"><b><i><span style=\"font-size:11.0pt;line-height:150%\">Ac\u021biunea 2.a.2.<br \/>\nPreg\u0103tirea \u015fi furnizarea ofertei de servicii de formare\/ocupare pentru tineri,<br \/>\ninclusiv pentru tineri NEET, prin pachete integrate de m\u0103suri active<br \/>\npersonalizate \u00een func\u021bie de profilul tinerilor<\/span><\/i><\/b><i><span style=\"font-size:11.0pt;line-height:150%\">.<\/span><\/i><\/p>\n<\/p>\n<div class=\"file-list-wrap\">\n<ul class=\"file-list\">\n<li><a href=\"\/upload2\/Neam\u021b\/30241\/ANUNT_MA_de_ocupare_pentru_tineri_inclusiv_pentru_tineri_NEET_23-07-24.pdf\" download>ANUNT_MA_de_ocupare_pentru_tineri_inclusiv_pentru_tineri_NEET_23-07-24.pdf<\/a><\/li>\n<li><a href=\"\/upload2\/Neam\u021b\/30241\/Anexa_nr.2.docx\" download>Anexa_nr.2.docx<\/a><\/li>\n<li><a href=\"\/upload2\/Neam\u021b\/30241\/Anexa_nr.3.docx\" download>Anexa_nr.3.docx<\/a><\/li>\n<li><a href=\"\/upload2\/Neam\u021b\/30241\/Anexa_nr.4.pdf\" download>Anexa_nr.4.pdf<\/a><\/li>\n<li><a href=\"\/upload2\/Neam\u021b\/30241\/Anexa_nr.5.pdf\" download>Anexa_nr.5.pdf<\/a><\/li>\n<\/ul>\n<\/div>\n","protected":false},"excerpt":{"rendered":"<p>Anunt de intentie selectie partener privat pentru proiect finantat prin Programul Educatie si Ocupare (PEO) 2021-2027<\/p>\n","protected":false},"author":0,"featured_media":0,"comment_status":"closed","ping_status":"closed","sticky":false,"template":"","format":"standard","meta":{"footnotes":""},"categories":[4],"tags":[],"class_list":["post-3880","post","type-post","status-publish","format-standard","hentry","category-anunturi-diverse"],"_links":{"self":[{"href":"https:\/\/www.anofm.ro\/neamt\/wp-json\/wp\/v2\/posts\/3880","targetHints":{"allow":["GET"]}}],"collection":[{"href":"https:\/\/www.anofm.ro\/neamt\/wp-json\/wp\/v2\/posts"}],"about":[{"href":"https:\/\/www.anofm.ro\/neamt\/wp-json\/wp\/v2\/types\/post"}],"replies":[{"embeddable":true,"href":"https:\/\/www.anofm.ro\/neamt\/wp-json\/wp\/v2\/comments?post=3880"}],"version-history":[{"count":0,"href":"https:\/\/www.anofm.ro\/neamt\/wp-json\/wp\/v2\/posts\/3880\/revisions"}],"wp:attachment":[{"href":"https:\/\/www.anofm.ro\/neamt\/wp-json\/wp\/v2\/media?parent=3880"}],"wp:term":[{"taxonomy":"category","embeddable":true,"href":"https:\/\/www.anofm.ro\/neamt\/wp-json\/wp\/v2\/categories?post=3880"},{"taxonomy":"post_tag","embeddable":true,"href":"https:\/\/www.anofm.ro\/neamt\/wp-json\/wp\/v2\/tags?post=3880"}],"curies":[{"name":"wp","href":"https:\/\/api.w.org\/{rel}","templated":true}]}}