{"id":3877,"date":"2024-07-19T00:00:00","date_gmt":"2024-07-18T21:00:00","guid":{"rendered":"https:\/\/www.anofm.ro\/neamt\/anunt-de-intentie-selectie-partener-privat-pentru-proiect-finantat-prin-programul-educatie-si-ocupare-peo-2021-2027-2\/"},"modified":"2024-07-19T00:00:00","modified_gmt":"2024-07-18T21:00:00","slug":"anunt-de-intentie-selectie-partener-privat-pentru-proiect-finantat-prin-programul-educatie-si-ocupare-peo-2021-2027-2","status":"publish","type":"post","link":"https:\/\/www.anofm.ro\/neamt\/anunt-de-intentie-selectie-partener-privat-pentru-proiect-finantat-prin-programul-educatie-si-ocupare-peo-2021-2027-2\/","title":{"rendered":"Anunt de intentie selectie partener privat pentru proiect finantat prin Programul Educatie si Ocupare (PEO) 2021-2027"},"content":{"rendered":"<p style=\"margin-top: 0px;margin-bottom: 1rem;font-family: -apple-system, BlinkMacSystemFont,\">In conformitate cu prevederile art.34 alin (1) din OUG nr. 133 din 17 decembrie 2021 privind gestionarea financiar\u0103 a fondurilor europene pentru perioada de programare 2021-2027 si art.46 din HG 829\/2022, pentru aprobarea Normelor metodologice de aplicare a Ordonan\u0163ei de urgen\u0163\u0103 a Guvernului nr. 133\/2021,\u00a0<span style=\"font-weight: bolder\"><i>Agen\u0163ia Jude\u0163ean\u0103 pentru Ocuparea For\u0163ei de Munc\u0103 Neam\u021b<\/i>,\u00a0<u>anun\u021b\u0103<\/u><\/span>\u00a0<span style=\"font-size: 1rem\">organizarea unei\u00a0<span style=\"font-weight: bolder\"><i>proceduri de selec\u021bie partener privat<\/i><\/span>, \u00een vederea elabor\u0103rii, depunerii \u0219i implement\u0103rii unui proiect, \u00een cadrul Programului Educa\u0163ie \u015fi Ocupare (PEO), Prioritate: P03 \u201eCre\u0219terea accesului pe pia\u021ba muncii pentru to\u021bi\u201c , Obiectiv specific: ESO4.1. \u201e\u00cembun\u0103t\u0103\u021birea accesului la pia\u021ba muncii \u0219i m\u0103suri de activare pentru toate persoanele aflate \u00een c\u0103utarea unui loc de munc\u0103, \u00een special pentru tineri, \u00eendeosebi prin implementarea Garan\u021bei pentru tineret, pentru \u0219omerii de lung\u0103 durat\u0103 \u0219i grupurile defavorizate de pe pia\u021ba muncii \u0219i pentru persoanele inactive, precum \u0219i prin promovarea desf\u0103\u0219ur\u0103rii de activit\u0103\u021bi independente \u0219i a economiei sociale (FSE+)\u201d<\/span><\/p>\n<p style=\"margin-top: 0px;margin-bottom: 1rem;font-family: -apple-system, BlinkMacSystemFont,\"><span style=\"font-weight: bolder\"><i>M\u0103sura 3.a.1.2 Furnizarea de m\u0103suri active \u00een pachete de servicii integrate.<\/i><\/span><\/p>\n<div class=\"file-list-wrap\">\n<ul class=\"file-list\">\n<li><a href=\"\/upload2\/Neam\u021b\/30219\/ANUNT_Sprijin_pt_stim_ocup_prin_furnizarea_de_MA_19.07.24.pdf\" download>ANUNT_Sprijin_pt_stim_ocup_prin_furnizarea_de_MA_19.07.24.pdf<\/a><\/li>\n<li><a href=\"\/upload2\/Neam\u021b\/30219\/Anexa_nr.2.docx\" download>Anexa_nr.2.docx<\/a><\/li>\n<li><a href=\"\/upload2\/Neam\u021b\/30219\/Anexa_nr.3.docx\" download>Anexa_nr.3.docx<\/a><\/li>\n<li><a href=\"\/upload2\/Neam\u021b\/30219\/Anexa_nr.4.pdf\" download>Anexa_nr.4.pdf<\/a><\/li>\n<li><a href=\"\/upload2\/Neam\u021b\/30219\/Anexa_nr.5.pdf\" download>Anexa_nr.5.pdf<\/a><\/li>\n<\/ul>\n<\/div>\n","protected":false},"excerpt":{"rendered":"<p>Anunt de intentie selectie partener privat pentru proiect finantat prin Programul Educatie si Ocupare (PEO) 2021-2027<\/p>\n","protected":false},"author":0,"featured_media":0,"comment_status":"closed","ping_status":"closed","sticky":false,"template":"","format":"standard","meta":{"footnotes":""},"categories":[4],"tags":[],"class_list":["post-3877","post","type-post","status-publish","format-standard","hentry","category-anunturi-diverse"],"_links":{"self":[{"href":"https:\/\/www.anofm.ro\/neamt\/wp-json\/wp\/v2\/posts\/3877","targetHints":{"allow":["GET"]}}],"collection":[{"href":"https:\/\/www.anofm.ro\/neamt\/wp-json\/wp\/v2\/posts"}],"about":[{"href":"https:\/\/www.anofm.ro\/neamt\/wp-json\/wp\/v2\/types\/post"}],"replies":[{"embeddable":true,"href":"https:\/\/www.anofm.ro\/neamt\/wp-json\/wp\/v2\/comments?post=3877"}],"version-history":[{"count":0,"href":"https:\/\/www.anofm.ro\/neamt\/wp-json\/wp\/v2\/posts\/3877\/revisions"}],"wp:attachment":[{"href":"https:\/\/www.anofm.ro\/neamt\/wp-json\/wp\/v2\/media?parent=3877"}],"wp:term":[{"taxonomy":"category","embeddable":true,"href":"https:\/\/www.anofm.ro\/neamt\/wp-json\/wp\/v2\/categories?post=3877"},{"taxonomy":"post_tag","embeddable":true,"href":"https:\/\/www.anofm.ro\/neamt\/wp-json\/wp\/v2\/tags?post=3877"}],"curies":[{"name":"wp","href":"https:\/\/api.w.org\/{rel}","templated":true}]}}