{"id":33,"date":"2018-12-13T00:00:00","date_gmt":"2018-12-12T22:00:00","guid":{"rendered":"https:\/\/www.anofm.ro\/neamt\/actimob-2-rmpd-alternativ-activare-si-mobilitate-tineri-neets\/"},"modified":"2018-12-13T00:00:00","modified_gmt":"2018-12-12T22:00:00","slug":"actimob-2-rmpd-alternativ-activare-si-mobilitate-tineri-neets","status":"publish","type":"post","link":"https:\/\/www.anofm.ro\/neamt\/actimob-2-rmpd-alternativ-activare-si-mobilitate-tineri-neets\/","title":{"rendered":"ACTIMOB 2 RMPD ALTERNATIV &#8211; Activare \u015fi mobilitate tineri NEETs"},"content":{"rendered":"<p class=\"MsoNormal\" style=\"margin: 0px 0px 6pt;font-family:\"><b><span lang=\"RO\" style=\"font-size: 11pt;line-height: 16.8667px;font-family:\">POCU<\/span><\/b>\/<b><span lang=\"RO\" style=\"font-size: 11pt;line-height: 16.8667px;font-family:\">386\/2\/1\/<\/span><\/b><span lang=\"RO\">\u00a0<\/span><b><span lang=\"RO\" style=\"font-size: 11pt;line-height: 16.8667px;font-family:\">125314<\/span><\/b><\/p>\n<p class=\"MsoNormal\" style=\"margin: 0px 0px 6pt;font-family:\"><span style=\"font-size: 11pt;line-height: 16.8667px;font-family:\">Agen\u021bia Na\u021bional\u0103 pentru Ocuparea For\u021bei de Munc\u0103 (ANOFM) implementea<\/span><span lang=\"RO\" style=\"font-size: 11pt;line-height: 16.8667px;font-family:\">z\u0103 proiectul\u00a0<i>ACTIMOB 2 RMPD ALTERNATIV \u2013 Activare \u015fi mobilitate tineri NEETs<\/i>, cofinan\u0163at din\u00a0<\/span><span style=\"font-size: 11pt;line-height: 16.8667px;font-family:\">Fondul Social European prin Programul Opera\u021bional Capital Uman 2014 \u2013 2020, Axa prioritar\u0103 2 \u2013 \u00cembun\u0103t\u0103\u021birea situa\u021biei tinerilor din categoria NEETs, Obiectivul specific 2.1: Cre\u0219terea ocup\u0103rii tinerilor NEETs \u0219omeri cu v\u00e2rsta \u00eentre 16 &#8211; 24 ani, \u00eenregistra\u021bi la Serviciul Public de Ocupare, cu reziden\u021ba \u00een regiunile eligibile (Bucure\u0219ti-Ilfov, Nord-Est, Nord-Vest, Vest, Sud-Vest Oltenia).<\/span><\/p>\n<p class=\"MsoNormal\" style=\"margin: 0px 0px 6pt;font-family:\"><span style=\"font-size: 11pt;line-height: 16.8667px;font-family:\">Prin intermediul acestui proiect, ANOFM \u0219i-a propus s\u0103 sus\u021bin\u0103 financiar, din FSE, m\u0103surile active acordate de agen\u021biile jude\u021bene pentru ocuparea for\u021bei de munc\u0103 (AJOFM) \u00een perioada 2014 \u2013 2021, pentru \u00eencadrarea a 17.449 de tineri NEETs afla\u021bi \u00een eviden\u021bele acestora.<\/span><\/p>\n<p style=\"margin: 0px 0px 10px;font-family:\"><a target=\"_blank\" href=\"\/upload\/3395\/Informare_ACTIMOB_2_-_Februarie_2019.pdf\" rel=\"noopener\">Informare ACTIMOB 2 &#8211; februarie 2019.pdf<\/a><\/p>\n<p style=\"margin: 0px 0px 10px;font-family:\"><a style=\"background-color: transparent\" target=\"_blank\" href=\"\/upload\/1821\/Informare_ACTIMOB_2_Noiembrie_2018.pdf\" rel=\"noopener\">Informare_ACTIMOB_2_Noiembrie_2018.pdf<\/a><\/p>\n<p style=\"margin: 0px 0px 10px;font-family:\">\n<p class=\"MsoNormal\" style=\"margin: 0px 0px 6pt;font-family:\"><span style=\"font-size: 11pt;line-height: 16.8667px;font-family:\"><a target=\"_blank\" href=\"\/upload\/1821\/Informare_ACTIMOB_2_Octombrie_2018.pdf\" rel=\"noopener\"><span>Informare_ACTIMOB_2_Octombrie_2018.pdf<\/span>\u00a0<\/a>\u00a0<\/span><\/p>\n<p><a target=\"_blank\" href=\"\/upload\/3395\/Fisa_proiectului_ACTIMOB_2.pdf\" rel=\"noopener\">Fisa Proiect<\/a><\/p>\n<p><a target=\"_blank\" href=\"\/upload\/3395\/Brosura_ACTIMOB_2.pdf\" rel=\"noopener\">Brosura ACTIMOB 2<\/a><\/p><\/p>\n","protected":false},"excerpt":{"rendered":"<p>POCU\/386\/2\/1\/\u00a0125314 Agen\u021bia Na\u021bional\u0103 pentru Ocuparea For\u021bei de Munc\u0103 (ANOFM) implementeaz\u0103 proiectul\u00a0ACTIMOB 2 RMPD ALTERNATIV \u2013 Activare \u015fi mobilitate tineri NEETs, cofinan\u0163at din\u00a0Fondul Social European prin Programul Opera\u021bional Capital Uman 2014<\/p>\n","protected":false},"author":0,"featured_media":0,"comment_status":"closed","ping_status":"closed","sticky":false,"template":"","format":"standard","meta":{"footnotes":""},"categories":[20],"tags":[],"class_list":["post-33","post","type-post","status-publish","format-standard","hentry","category-proiecte"],"_links":{"self":[{"href":"https:\/\/www.anofm.ro\/neamt\/wp-json\/wp\/v2\/posts\/33","targetHints":{"allow":["GET"]}}],"collection":[{"href":"https:\/\/www.anofm.ro\/neamt\/wp-json\/wp\/v2\/posts"}],"about":[{"href":"https:\/\/www.anofm.ro\/neamt\/wp-json\/wp\/v2\/types\/post"}],"replies":[{"embeddable":true,"href":"https:\/\/www.anofm.ro\/neamt\/wp-json\/wp\/v2\/comments?post=33"}],"version-history":[{"count":0,"href":"https:\/\/www.anofm.ro\/neamt\/wp-json\/wp\/v2\/posts\/33\/revisions"}],"wp:attachment":[{"href":"https:\/\/www.anofm.ro\/neamt\/wp-json\/wp\/v2\/media?parent=33"}],"wp:term":[{"taxonomy":"category","embeddable":true,"href":"https:\/\/www.anofm.ro\/neamt\/wp-json\/wp\/v2\/categories?post=33"},{"taxonomy":"post_tag","embeddable":true,"href":"https:\/\/www.anofm.ro\/neamt\/wp-json\/wp\/v2\/tags?post=33"}],"curies":[{"name":"wp","href":"https:\/\/api.w.org\/{rel}","templated":true}]}}