{"id":31,"date":"2018-12-04T00:00:00","date_gmt":"2018-12-03T22:00:00","guid":{"rendered":"https:\/\/www.anofm.ro\/neamt\/subventii-lunare-de-2-250-lei-pentru-angajatorii-care-incadreaza-in-munca-someri\/"},"modified":"2018-12-04T00:00:00","modified_gmt":"2018-12-03T22:00:00","slug":"subventii-lunare-de-2-250-lei-pentru-angajatorii-care-incadreaza-in-munca-someri","status":"publish","type":"post","link":"https:\/\/www.anofm.ro\/neamt\/subventii-lunare-de-2-250-lei-pentru-angajatorii-care-incadreaza-in-munca-someri\/","title":{"rendered":"Subven\u0163ii lunare de 2.250 lei pentru angajatorii care \u00eencadreaz\u0103 \u00een munc\u0103 \u0219omeri"},"content":{"rendered":"<p class=\"MsoNormal\" style=\"margin-left: 0cm;text-align: center\"><b><span style=\"font-size:12.0pt;line-height:115%\">Comunicat de pres\u0103<\/span><\/b><\/p>\n<p class=\"MsoNormal\" style=\"margin-left: 0cm;text-align: center\"><b><span style=\"font-size:12.0pt;line-height:115%\">Subven\u0163ii lunare de 2.250 lei pentru angajatorii<br \/>\ncare \u00eencadreaz\u0103 \u00een munc\u0103 \u0219omeri<\/span><\/b><\/p>\n<p class=\"MsoNormal\" style=\"margin-left:0cm\"><b><span style=\"font-size:12.0pt;line-height:115%\">\u00a0<\/span><\/b><\/p>\n<p class=\"MsoNormal\" style=\"margin-left:0cm\"><span style=\"font-size:12.0pt;line-height:115%\">Agen\u021bia<br \/>\nNa\u021bional\u0103 pentru Ocuparea For\u021bei de Munc\u0103 aplic\u0103 o serie de m\u0103suri active ce<br \/>\nvizeaz\u0103 integrarea pe pia\u021ba muncii a \u0219omerilor \u0219i persoanelor \u00een c\u0103utarea unui<br \/>\nloc de munc\u0103. Printre m\u0103surile destinate cre\u0219terii \u0219anselor de ocupare a<br \/>\n\u0219omerilor se num\u0103r\u0103 acordarea de subven\u021bii \u00een vederea stimul\u0103rii angajatorilor<br \/>\nde a \u00eencadra pe pia\u021ba muncii persoane apar\u0163in\u00e2nd unor categorii dezavantajate<br \/>\nsau cu acces mai dificil pe pia\u0163a muncii.<\/span><\/p>\n<p class=\"MsoNormal\" style=\"margin-left:0cm\"><span style=\"font-size: 12pt;line-height: 115%;background-image: initial;background-position: initial;background-size: initial;background-attachment: initial\">Astfel,<br \/>\nangajatorii care \u00eencadreaz\u0103 \u00een munc\u0103, pe perioad\u0103 nedeterminat\u0103, <\/span><span lang=\"FR\" style=\"font-size: 12pt;line-height: 115%\">\u015fomeri peste 45 ani<br \/>\nsau p\u0103rin\u021bi unici sus\u0163in\u0103tori ai familiilor monoparentale<\/span><span style=\"font-size: 12pt;line-height: 115%;background-image: initial;background-position: initial;background-size: initial;background-attachment: initial\">, \u015fomeri de lung\u0103 durat\u0103 sau tineri NEETs primesc lunar, pe o<br \/>\nperioad\u0103 de 12 luni, pentru fiecare persoan\u0103 angajat\u0103 din aceste categorii, o<br \/>\nsum\u0103 \u00een cuantum de <b>2.250 lei<\/b>, cu<br \/>\nobliga\u0163ia men\u0163inerii raporturilor de munc\u0103 sau de serviciu cel pu\u0163in 18<br \/>\nluni.\u00a0<\/span><\/p>\n<p class=\"MsoNormal\" style=\"margin-left:0cm\"><span style=\"font-size: 12pt;line-height: 115%;background-image: initial;background-position: initial;background-size: initial;background-attachment: initial\">De<br \/>\naceea<\/span><span lang=\"RO\" style=\"font-size: 12pt;line-height: 115%;background-image: initial;background-position: initial;background-size: initial;background-attachment: initial\">\u0219i subven\u021bie<br \/>\nbeneficiaz\u0103 \u0219i a<\/span><span style=\"font-size: 12pt;line-height: 115%;background-image: initial;background-position: initial;background-size: initial;background-attachment: initial\">ngajatorii care<br \/>\n\u00eencadreaz\u0103 \u00een munc\u0103, potrivit legii, \u015fomeri care, \u00een termen de 5 ani de la data<br \/>\nangaj\u0103rii \u00eendeplinesc, conform legii, condi\u0163iile pentru a solicita pensia<br \/>\nanticipat\u0103 par\u0163ial\u0103 sau de acordare a pensiei pentru limit\u0103 de v\u00e2rst\u0103, dac\u0103 nu<br \/>\n\u00eendeplinesc condi\u0163iile de a solicita pensia anticipat\u0103 par\u0163ial\u0103, beneficiaz\u0103<br \/>\nlunar, pe perioada angaj\u0103rii, p\u00e2n\u0103 la data \u00eendeplinirii condi\u0163iilor respective.<\/span><\/p>\n<p class=\"MsoNormal\" style=\"margin-left:0cm\"><span style=\"font-size: 12pt;line-height: 115%;background-image: initial;background-position: initial;background-size: initial;background-attachment: initial\">De<br \/>\nfacilit\u0103\u0163ile men\u021bionate anterior (<b>subven\u021bie<br \/>\n\u00een cuantum de 2.250 lei<\/b>) beneficiaz\u0103 \u015fi angajatorii care, \u00een raport cu<br \/>\nnum\u0103rul de angaja\u0163i, \u015fi-au \u00eendeplinit obliga\u0163ia, potrivit legii, de a \u00eencadra<br \/>\n\u00een munc\u0103 persoane cu handicap, precum \u015fi angajatorii care nu au aceast\u0103<br \/>\nobliga\u0163ie legal\u0103, dac\u0103 \u00eencadreaz\u0103 \u00een munc\u0103 pe durat\u0103 nedeterminat\u0103 persoane cu<br \/>\nhandicap \u015fi le men\u0163in raporturile de munc\u0103 sau de serviciu cel pu\u0163in 18<br \/>\nluni.\u00a0<\/span><\/p>\n<p class=\"MsoNormal\" style=\"margin-left:0cm\"><span style=\"font-size: 12pt;line-height: 115%;background-image: initial;background-position: initial;background-size: initial;background-attachment: initial\">\u00cen<br \/>\nsitua\u021bia \u00eencadr\u0103rii \u00een munc\u0103 pe durat\u0103 nedeterminat\u0103 a absolven\u021bilor, ANOFM<br \/>\nacord\u0103 angajatorilor subven\u021bii \u00een cuantum de <b>2.250 de lei<\/b>\/lun\u0103 pe o perioad\u0103 de 12 luni, pentru fiecare<br \/>\nabsolvent angajat. \u00cen cazul \u00een care sunt \u00eencadra\u021bi absolven\u0163i din r\u00e2ndul<br \/>\npersoanelor cu handicap subven\u021biile se acord\u0103 pe o perioad\u0103 de 18 luni.<\/span><\/p>\n<p class=\"MsoNormal\" style=\"margin-left:0cm\"><span style=\"font-size: 12pt;line-height: 115%;background-image: initial;background-position: initial;background-size: initial;background-attachment: initial\">\u00cen<br \/>\nprimele zece luni ale acestui an, prin intermediul ANOFM, <\/span><span lang=\"IT\" style=\"font-size: 12pt;line-height: 115%\">19.669<br \/>\nde persoane au fost \u00eencadrate p<\/span><span lang=\"RO\" style=\"font-size: 12pt;line-height: 115%\">rin<br \/>\nacordarea de <b>subven\u0163ii angajatorilor<\/b><br \/>\n(conform Legii nr. 76\/2002 cu modific\u0103rile \u015fi complet\u0103rile ulterioare).<\/span><span style=\"font-size: 12pt;line-height: 115%;background-image: initial;background-position: initial;background-size: initial;background-attachment: initial\"><\/span><\/p>\n<p class=\"MsoNormal\" style=\"margin-left:0cm\"><span style=\"font-size: 12pt;line-height: 115%;background-image: initial;background-position: initial;background-size: initial;background-attachment: initial\">Toate<br \/>\naceste subven<\/span><span lang=\"RO\" style=\"font-size: 12pt;line-height: 115%;background-image: initial;background-position: initial;background-size: initial;background-attachment: initial\">\u021bii sunt asigurate de ANOFM prin implementarea de proiecte <\/span><span style=\"font-size: 12pt;line-height: 115%;background-image: initial;background-position: initial;background-size: initial;background-attachment: initial\">finan\u021bate din Fondul Social European prin Programul<br \/>\nOpera\u021bional Capital Uman 2014-2020, urm\u0103rindu-se astfel cre\u0219terea<br \/>\noportunit\u0103\u021bilor de \u00eencadrare \u00een munc\u0103 a persoanelor aflate \u00een dificultate din<br \/>\npunct de vedere al ocup\u0103rii.<\/span><\/p>\n<p class=\"MsoNormal\" style=\"margin-left:0cm\"><span style=\"font-size: 12pt;line-height: 115%;background-image: initial;background-position: initial;background-size: initial;background-attachment: initial\">Facilit\u0103\u0163ile<br \/>\nse acord\u0103 la solicitarea angajatorilor pentru persoanele din categoriile<br \/>\nmen\u0163ionate \u0219i \u00eenregistrate \u00een eviden\u0163ele agen\u0163iilor pentru ocuparea for\u0163ei de<br \/>\nmunc\u0103 jude\u0163ene, respectiv a municipiului Bucure\u015fti.<\/span><\/p>\n<p class=\"MsoNormal\" style=\"margin-left:0cm\"><span style=\"font-size:12.0pt;line-height:115%\">\u00a0<\/span><\/p>\n<p><b><span style=\"font-size:12.0pt;line-height:115%;font-family:\">Serviciul Comunicare \u0219i<br \/>\nSecretariatul Consiliului de Administra<\/span><span lang=\"RO\" style=\"font-size:12.0pt;line-height:115%;font-family:\">\u021bie<\/span><span lang=\"RO\" style=\"font-size:12.0pt;line-height:115%;font-family:\"><\/span><\/b><\/p>\n","protected":false},"excerpt":{"rendered":"<p>Comunicat de pres\u0103 Subven\u0163ii lunare de 2.250 lei pentru angajatorii care \u00eencadreaz\u0103 \u00een munc\u0103 \u0219omeri \u00a0 Agen\u021bia Na\u021bional\u0103 pentru Ocuparea For\u021bei de Munc\u0103 aplic\u0103 o serie de m\u0103suri active ce<\/p>\n","protected":false},"author":0,"featured_media":0,"comment_status":"closed","ping_status":"closed","sticky":false,"template":"","format":"standard","meta":{"footnotes":""},"categories":[9],"tags":[],"class_list":["post-31","post","type-post","status-publish","format-standard","hentry","category-comunicate-de-presa"],"_links":{"self":[{"href":"https:\/\/www.anofm.ro\/neamt\/wp-json\/wp\/v2\/posts\/31","targetHints":{"allow":["GET"]}}],"collection":[{"href":"https:\/\/www.anofm.ro\/neamt\/wp-json\/wp\/v2\/posts"}],"about":[{"href":"https:\/\/www.anofm.ro\/neamt\/wp-json\/wp\/v2\/types\/post"}],"replies":[{"embeddable":true,"href":"https:\/\/www.anofm.ro\/neamt\/wp-json\/wp\/v2\/comments?post=31"}],"version-history":[{"count":0,"href":"https:\/\/www.anofm.ro\/neamt\/wp-json\/wp\/v2\/posts\/31\/revisions"}],"wp:attachment":[{"href":"https:\/\/www.anofm.ro\/neamt\/wp-json\/wp\/v2\/media?parent=31"}],"wp:term":[{"taxonomy":"category","embeddable":true,"href":"https:\/\/www.anofm.ro\/neamt\/wp-json\/wp\/v2\/categories?post=31"},{"taxonomy":"post_tag","embeddable":true,"href":"https:\/\/www.anofm.ro\/neamt\/wp-json\/wp\/v2\/tags?post=31"}],"curies":[{"name":"wp","href":"https:\/\/api.w.org\/{rel}","templated":true}]}}