{"id":30,"date":"2018-12-03T00:00:00","date_gmt":"2018-12-02T22:00:00","guid":{"rendered":"https:\/\/www.anofm.ro\/neamt\/unit-2-rmd-ucenicie-si-stagii-pentru-tinerii-neets-din-regiunea-mai-dezvoltata\/"},"modified":"2018-12-03T00:00:00","modified_gmt":"2018-12-02T22:00:00","slug":"unit-2-rmd-ucenicie-si-stagii-pentru-tinerii-neets-din-regiunea-mai-dezvoltata","status":"publish","type":"post","link":"https:\/\/www.anofm.ro\/neamt\/unit-2-rmd-ucenicie-si-stagii-pentru-tinerii-neets-din-regiunea-mai-dezvoltata\/","title":{"rendered":"UNIT 2 RMD &#8211; Ucenicie si stagii pentru tinerii NEETs din regiunea mai dezvoltata"},"content":{"rendered":"<p class=\"Style18\" style=\"margin: 0px 0px 6pt;font-family:\"><font><span style=\"font-family:\">Agen\u021bia Na\u021bional\u0103 pentru Ocuparea For\u021bei de Munc\u0103 implementeaz\u0103 pe o perioad\u0103 de 48 de luni, proiectul \u201e<\/span><b><span style=\"font-family:\">UNIT 2 RMD \u2013 Ucenicie \u015fi stagii pentru tinerii NEETs din regiunile mai\u00a0<\/span><\/b><b><span style=\"font-family:\">dezvoltate<\/span><\/b><span style=\"font-family:\">&#8222;,\u00a0<\/span><b><span style=\"line-height: 16.1px;font-family:\">POCU\/263\/2.1\/2.2\/119911,<\/span><\/b><span style=\"font-family:\">\u00a0<\/span><span style=\"font-family:\">cofinan\u021bat de Uniunea European\u0103<\/span><span style=\"font-family:\">\u00a0din Fondul Social European(FSE) prin Programul Opera\u021bional Capital Uman 2014-2020 (POCU).\u00a0<\/span><\/font><font><span lang=\"RO\" style=\"font-family:\">Obiectivul general al proiectului \u00eel constituie \u00eembun\u0103t\u0103\u021birea posibilit\u0103\u021bilor de \u00eencadrare a minimum\u00a0<b>115 tineri NEETs<\/b>\u00a0\u0219omeri \u00eenregistra\u021bi la Serviciul Public de Ocupare (SPO) \u0219i care au domiciul sau re\u0219edin\u021ba \u00een regiunea\u00a0<b>Bucure\u0219ti-Ilfov<\/b>.<\/span><\/font><\/p>\n<p class=\"Style18\" style=\"margin: 0px 0px 6pt;font-family:\"><span style=\"font-family:\"><font>O<\/font><font>biectivele specifice ale proiectului prev\u0103d stimularea ocup\u0103rii tinerilor NEETs \u0219omeri \u00eenregistra\u021bi la Serviciul Public de Ocupare, prin acordarea sprijinului financiar angajatorilor, aferent \u00eencadr\u0103rii prin ucenicie la locul de munc\u0103 a\u00a0<b>80 tineri NEETs<\/b>\u00a0\u0219omeri \u0219i oferire de sprijin financiar pentru \u00eencadrarea prin stagii a unui num\u0103r de\u00a0<b>35 tineri NEETs<\/b>\u00a0\u0219omeri, absolven\u021bii de \u00eenv\u0103\u021b\u0103m\u00e2nt superior.<\/font><\/span><span style=\"font-family:\"><font>\u00a0<span style=\"font-weight: bold\">Subven\u021biile acordate angajatorilor sunt \u00een cuantum de 2.250 lei\/lun\u0103 pentru fiecare ucenic\/stagiar<\/span><\/font><\/span><\/p>\n<p class=\"MsoNormal\" style=\"margin: 0px 0px 6pt;font-family:\"><font><font face=\"Trebuchet MS\"><span style=\"line-height: 16.1px\">Proiectul va fi implementat cu sprijinul Agen\u021biei Municipale pentru Ocuparea For\u021bei de Munc\u0103 \u2013 Bucure\u0219ti \u0219i Agen\u021biei Jude\u021bene pentru Ocuparea For\u021bei de Munc\u0103 &#8211; Ilfov.<\/span><span style=\"line-height: 16.1px\"><\/span><\/font><\/font><\/p>\n<p style=\"margin: 0px 0px 10px;font-family:\">\n<p style=\"margin: 0px 0px 10px;font-family:\">\n<p class=\"MsoNormal\" style=\"margin: 0px 0px 6pt;font-family:\"><font face=\"Trebuchet MS\"><span lang=\"RO\" style=\"line-height: 16.1px\">Bugetul total al proiectului este de 6.053.956,13\u00a0<\/span><span lang=\"RO\" style=\"line-height: 16.1px\">lei, din care\u00a0<\/span><span lang=\"RO\" style=\"line-height: 16.1px\">1.210.791,22\u00a0<\/span><span lang=\"RO\" style=\"line-height: 16.1px\">\u00a0lei finan\u0163are\u00a0<\/span><span lang=\"RO\" style=\"line-height: 16.1px\">na\u0163ional\u0103<\/span><span lang=\"RO\" style=\"line-height: 16.1px\">\u00a0\u0219i\u00a0<\/span><span lang=\"RO\" style=\"line-height: 16.1px\">4.843.164,91\u00a0<\/span><span lang=\"RO\" style=\"line-height: 16.1px\">lei finan\u0163are extern\u0103 nerambursabil\u0103<\/span><span lang=\"RO\" style=\"line-height: 16.1px\">. Perioada de implementare este\u00a0<\/span><span lang=\"RO\" style=\"line-height: 16.1px\">Februarie 2018\u00a0 \u2013\u00a0 Ianuarie 2022 (48 luni)<\/span><\/font><span lang=\"RO\" style=\"line-height: 16.1px\"><font face=\"Trebuchet MS\">.<\/font><\/span><\/p>\n<p style=\"margin: 0px 0px 10px;font-family:\"><a target=\"_blank\" href=\"\/upload\/3073\/Informare_UNIT_2_-_RMPD_decembrie.pdf\" rel=\"noopener\">Informare UNIT 2 RMPD &#8211; decembrie 2018<\/a><\/p>\n<p style=\"margin: 0px 0px 10px;font-family:\"><font face=\"Trebuchet MS\"><a style=\"background-color: transparent\" target=\"_blank\" href=\"\/upload\/1439\/Fisa_de_proiect_RMD.pdf\" rel=\"noopener\">Fi\u0219\u0103 proiect<\/a><\/font><\/p>\n<p style=\"margin: 0px 0px 10px;font-family:\"><font face=\"Trebuchet MS\"><a style=\"background-color: transparent\" target=\"_blank\" href=\"\/upload\/1439\/Informare.pdf\" rel=\"noopener\">Informare proiect &#8211; 29 Noiembrie 2018<\/a><\/font><\/p>\n","protected":false},"excerpt":{"rendered":"<p>Agen\u021bia Na\u021bional\u0103 pentru Ocuparea For\u021bei de Munc\u0103 implementeaz\u0103 pe o perioad\u0103 de 48 de luni, proiectul \u201eUNIT 2 RMD \u2013 Ucenicie \u015fi stagii pentru tinerii NEETs din regiunile mai\u00a0dezvoltate&#8222;,\u00a0POCU\/263\/2.1\/2.2\/119911,\u00a0cofinan\u021bat de<\/p>\n","protected":false},"author":0,"featured_media":0,"comment_status":"closed","ping_status":"closed","sticky":false,"template":"","format":"standard","meta":{"footnotes":""},"categories":[20],"tags":[],"class_list":["post-30","post","type-post","status-publish","format-standard","hentry","category-proiecte"],"_links":{"self":[{"href":"https:\/\/www.anofm.ro\/neamt\/wp-json\/wp\/v2\/posts\/30","targetHints":{"allow":["GET"]}}],"collection":[{"href":"https:\/\/www.anofm.ro\/neamt\/wp-json\/wp\/v2\/posts"}],"about":[{"href":"https:\/\/www.anofm.ro\/neamt\/wp-json\/wp\/v2\/types\/post"}],"replies":[{"embeddable":true,"href":"https:\/\/www.anofm.ro\/neamt\/wp-json\/wp\/v2\/comments?post=30"}],"version-history":[{"count":0,"href":"https:\/\/www.anofm.ro\/neamt\/wp-json\/wp\/v2\/posts\/30\/revisions"}],"wp:attachment":[{"href":"https:\/\/www.anofm.ro\/neamt\/wp-json\/wp\/v2\/media?parent=30"}],"wp:term":[{"taxonomy":"category","embeddable":true,"href":"https:\/\/www.anofm.ro\/neamt\/wp-json\/wp\/v2\/categories?post=30"},{"taxonomy":"post_tag","embeddable":true,"href":"https:\/\/www.anofm.ro\/neamt\/wp-json\/wp\/v2\/tags?post=30"}],"curies":[{"name":"wp","href":"https:\/\/api.w.org\/{rel}","templated":true}]}}