{"id":232,"date":"2023-10-27T00:00:00","date_gmt":"2023-10-26T21:00:00","guid":{"rendered":"https:\/\/www.anofm.ro\/neamt\/comunicat-de-presa-bursa-locurilor-de-munca-pentru-absolventi-2023\/"},"modified":"2024-09-09T16:42:23","modified_gmt":"2024-09-09T13:42:23","slug":"comunicat-de-presa-bursa-locurilor-de-munca-pentru-absolventi-2023","status":"publish","type":"post","link":"https:\/\/www.anofm.ro\/neamt\/comunicat-de-presa-bursa-locurilor-de-munca-pentru-absolventi-2023\/","title":{"rendered":"Comunicat de pres\u0103 &#8211; Bursa locurilor de munc\u0103 pentru absolven\u021bi 2023"},"content":{"rendered":"<p class=\"MsoNormal\" style=\"margin-left: 0cm;text-align: center\" align=\"center\"><span style=\"font-size: 12.0pt;line-height: 115%\">Comunicat de presa<\/span><\/p>\n<p class=\"MsoNormal\" style=\"margin-left: 4.5pt\"><span style=\"font-size: 12.0pt;line-height: 115%\">\u00a0<\/span><span style=\"font-size: 12.0pt;line-height: 115%\">\u00a0\u00a0\u00a0\u00a0\u00a0\u00a0\u00a0 Agen\u021bia Jude\u021bean\u0103 pentru Ocuparea For\u021bei de Munc\u0103 Neam\u021b\u00a0\u00a0a organizat la nivel jude\u021bean, azi Bursa locurilor de munc\u0103 pentru absolven\u021bi.<\/span><\/p>\n<p class=\"MsoNormal\" style=\"margin-left: 4.5pt\"><span style=\"font-size: 12.0pt;line-height: 115%\">\u00a0\u00a0\u00a0\u00a0\u00a0\u00a0\u00a0 Au participat 53 de agen\u021bi economici (26 la Piatra Neam\u021b, 20 la Roman, 7 la Tg Neam\u021b) care au oferit 523 locuri de munc\u0103 vacante.<\/span><\/p>\n<p class=\"MsoNormal\" style=\"margin-left: 4.5pt\"><span style=\"font-size: 12.0pt;line-height: 115%\">\u00a0\u00a0\u00a0\u00a0\u00a0\u00a0\u00a0 Principalele ramuri de activitate \u00een care au fost oferite locurile de munc\u0103 sunt: fabricarea articolelor de \u00eembr\u0103c\u0103minte, servicii (\u00een meserii ca v\u00e2nz\u0103tor, osp\u0103tar, barman, patiser, buc\u0103tar, \u0219ofer, strungar,\u00a0 agent de securitate), construc\u021bii \u0219i industrie (sudor, l\u0103c\u0103tu\u0219 mecanic, t\u00e2mplar, tapi\u021ber).<\/span><\/p>\n<p class=\"MsoNormal\" style=\"margin-left: 4.5pt\"><span style=\"font-size: 12.0pt;line-height: 115%\">\u00a0\u00a0\u00a0\u00a0\u00a0\u00a0\u00a0 Cele mai multe locuri de munc\u0103 au fost oferite \u00een municipiul Piatra Neam\u021b 314, urm\u0103torul fiind municipiul Roman 161, iar la Tg Neam\u021b, 48.<\/span><\/p>\n<p class=\"MsoNormal\" style=\"margin-left: 4.5pt\"><span style=\"font-size: 12.0pt;line-height: 115%\">\u00a0\u00a0\u00a0\u00a0\u00a0\u00a0\u00a0 Au participat un num\u0103r de 426 persoane, 187 la Piatra Neam\u021b, 180 la Roman \u0219i 59 la Tg Neam\u021b.<\/span><\/p>\n<p class=\"MsoNormal\" style=\"margin-left: 4.5pt\"><span style=\"font-size: 12.0pt;line-height: 115%\">\u00a0\u00a0\u00a0\u00a0\u00a0\u00a0\u00a0 Ca urmare a acestei ac\u021biuni un num\u0103r de 31 de persoane au fost angajate pe loc \u0219i 93 au fost selectate \u00een vederea \u00eencadr\u0103rii.<\/span><\/p>\n<p class=\"MsoNormal\" style=\"margin-left: 0cm;text-align: center\" align=\"center\"><b><span style=\"font-size: 16px\">Director Executiv<\/span><\/b><\/p>\n<p class=\"MsoNormal\" style=\"margin-left: 0cm;text-align: center\" align=\"center\"><b><span style=\"font-size: 16px\">Daniel CHIRILA<\/span><\/b><\/p>\n","protected":false},"excerpt":{"rendered":"<p>Comunicat de pres\u0103 &#8211; Bursa locurilor de munc\u0103 pentru absolven\u021bi 2023<\/p>\n","protected":false},"author":0,"featured_media":0,"comment_status":"closed","ping_status":"closed","sticky":false,"template":"","format":"standard","meta":{"footnotes":""},"categories":[9],"tags":[],"class_list":["post-232","post","type-post","status-publish","format-standard","hentry","category-comunicate-de-presa"],"_links":{"self":[{"href":"https:\/\/www.anofm.ro\/neamt\/wp-json\/wp\/v2\/posts\/232","targetHints":{"allow":["GET"]}}],"collection":[{"href":"https:\/\/www.anofm.ro\/neamt\/wp-json\/wp\/v2\/posts"}],"about":[{"href":"https:\/\/www.anofm.ro\/neamt\/wp-json\/wp\/v2\/types\/post"}],"replies":[{"embeddable":true,"href":"https:\/\/www.anofm.ro\/neamt\/wp-json\/wp\/v2\/comments?post=232"}],"version-history":[{"count":2,"href":"https:\/\/www.anofm.ro\/neamt\/wp-json\/wp\/v2\/posts\/232\/revisions"}],"predecessor-version":[{"id":3917,"href":"https:\/\/www.anofm.ro\/neamt\/wp-json\/wp\/v2\/posts\/232\/revisions\/3917"}],"wp:attachment":[{"href":"https:\/\/www.anofm.ro\/neamt\/wp-json\/wp\/v2\/media?parent=232"}],"wp:term":[{"taxonomy":"category","embeddable":true,"href":"https:\/\/www.anofm.ro\/neamt\/wp-json\/wp\/v2\/categories?post=232"},{"taxonomy":"post_tag","embeddable":true,"href":"https:\/\/www.anofm.ro\/neamt\/wp-json\/wp\/v2\/tags?post=232"}],"curies":[{"name":"wp","href":"https:\/\/api.w.org\/{rel}","templated":true}]}}