{"id":206,"date":"2022-12-27T00:00:00","date_gmt":"2022-12-26T22:00:00","guid":{"rendered":"https:\/\/www.anofm.ro\/neamt\/concurs-de-recrutare-pentru-functia-publica-de-executie-vacanta-de-consilier-achizitii-publice-clasa-i-grad-profesional-superior-serviciul-administrare-buget\/"},"modified":"2022-12-27T00:00:00","modified_gmt":"2022-12-26T22:00:00","slug":"concurs-de-recrutare-pentru-functia-publica-de-executie-vacanta-de-consilier-achizitii-publice-clasa-i-grad-profesional-superior-serviciul-administrare-buget","status":"publish","type":"post","link":"https:\/\/www.anofm.ro\/neamt\/concurs-de-recrutare-pentru-functia-publica-de-executie-vacanta-de-consilier-achizitii-publice-clasa-i-grad-profesional-superior-serviciul-administrare-buget\/","title":{"rendered":"Concurs de recrutare pentru func\u021bia public\u0103 de execu\u021bie vacant\u0103 de consilier achizitii publice, clasa I grad profesional superior, serviciul Administrare Buget"},"content":{"rendered":"<p>Agen\u0163ia Jude\u0163ean\u0103 Pentru Ocuparea For\u0163ei de Munc\u0103 Neam\u0163, organizeaz\u0103 concurs de recrutare pe func\u021bia public\u0103 de execu\u021bie vacant\u0103 de consilier achizitii publice, clasa I grad profesional superior, Compartimentul Achizi\u021bii publice, administrativ, protec\u021bia muncii \u0219i P.S.I. &#8211; serviciul Administrare Buget.<\/p>\n<\/p>\n<div class=\"file-list-wrap\">\n<ul class=\"file-list\">\n<li><a href=\"\/upload2\/Neam\u021b\/23380\/ANUNT_concurs_consilier_achizitii_publice.pdf\" download>ANUNT_concurs_consilier_achizitii_publice.pdf<\/a><\/li>\n<li><a href=\"\/upload2\/Neam\u021b\/23380\/Rezultat_proba_scrisa.pdf\" download>Rezultat_proba_scrisa.pdf<\/a><\/li>\n<\/ul>\n<\/div>\n","protected":false},"excerpt":{"rendered":"<p>Concurs de recrutare pentru func\u021bia public\u0103 de execu\u021bie vacant\u0103 de consilier achizitii publice, clasa I grad profesional superior, serviciul Administrare Buget<\/p>\n","protected":false},"author":0,"featured_media":0,"comment_status":"closed","ping_status":"closed","sticky":false,"template":"","format":"standard","meta":{"footnotes":""},"categories":[7],"tags":[],"class_list":["post-206","post","type-post","status-publish","format-standard","hentry","category-cariera-profesionala"],"_links":{"self":[{"href":"https:\/\/www.anofm.ro\/neamt\/wp-json\/wp\/v2\/posts\/206","targetHints":{"allow":["GET"]}}],"collection":[{"href":"https:\/\/www.anofm.ro\/neamt\/wp-json\/wp\/v2\/posts"}],"about":[{"href":"https:\/\/www.anofm.ro\/neamt\/wp-json\/wp\/v2\/types\/post"}],"replies":[{"embeddable":true,"href":"https:\/\/www.anofm.ro\/neamt\/wp-json\/wp\/v2\/comments?post=206"}],"version-history":[{"count":0,"href":"https:\/\/www.anofm.ro\/neamt\/wp-json\/wp\/v2\/posts\/206\/revisions"}],"wp:attachment":[{"href":"https:\/\/www.anofm.ro\/neamt\/wp-json\/wp\/v2\/media?parent=206"}],"wp:term":[{"taxonomy":"category","embeddable":true,"href":"https:\/\/www.anofm.ro\/neamt\/wp-json\/wp\/v2\/categories?post=206"},{"taxonomy":"post_tag","embeddable":true,"href":"https:\/\/www.anofm.ro\/neamt\/wp-json\/wp\/v2\/tags?post=206"}],"curies":[{"name":"wp","href":"https:\/\/api.w.org\/{rel}","templated":true}]}}