{"id":203,"date":"2022-10-19T00:00:00","date_gmt":"2022-10-18T21:00:00","guid":{"rendered":"https:\/\/www.anofm.ro\/neamt\/chestionar-privind-angajarile-estimate-pentru-anul-viitor-si-de-masurare-a-unor-tendinte\/"},"modified":"2022-10-19T00:00:00","modified_gmt":"2022-10-18T21:00:00","slug":"chestionar-privind-angajarile-estimate-pentru-anul-viitor-si-de-masurare-a-unor-tendinte","status":"publish","type":"post","link":"https:\/\/www.anofm.ro\/neamt\/chestionar-privind-angajarile-estimate-pentru-anul-viitor-si-de-masurare-a-unor-tendinte\/","title":{"rendered":"Chestionar privind angaj\u0103rile estimate pentru anul viitor \u0219i de m\u0103surare a unor tendin\u021be"},"content":{"rendered":"<p class=\"MsoNormal\" style=\"text-align:justify\"><i><span lang=\"RO\">Agen\u021bia Na\u021bional\u0103 de Ocuparea For\u021bei de Munc\u0103 a pus la dispozi\u021bia mediului privat un chestionar privind<br \/>\n                    angaj\u0103rile estimate pentru anul viitor \u0219i de<br \/>\n                    m\u0103surare a unor tendin\u021be. <\/span><\/i><\/p>\n<p class=\"MsoNormal\" style=\"text-align:justify\"><i><span lang=\"RO\">\u00cen urma complet\u0103rii chestionarului \u0219i a<br \/>\n                    exprim\u0103rii p\u0103rerii dumneavoastr\u0103, vom putea stabili<br \/>\n                    programele de formare profesional\u0103 pe care le vom<br \/>\n                    organiza. <\/span><\/i><\/p>\n<p class=\"MsoNormal\" style=\"text-align:justify\"><i><span lang=\"RO\">\u00cen acest scop v\u0103 rug\u0103m s\u0103 accesa\u021bi link-ul<br \/>\n                  <\/span><\/i><span lang=\"RO\"><a href=\"https:\/\/www.anofm.ro\/chestionare\/index.html\"><i>https:\/\/www.anofm.ro\/chestionare\/index.html<\/i><\/a><\/span><i><span lang=\"RO\">, <\/span><\/i><span style=\"color:red\" lang=\"RO\"><\/span><\/p>\n<p class=\"MsoNormal\" style=\"text-align:justify\"><i><span lang=\"RO\">deschiz\u00e2nd chestionarul din sec\u021biunea &#8211; <b>Chestionar<\/b><br \/>\n                    din dreapta ecranului \u0219i selectarea op\u021biunii &#8211; <b>autentificare<\/b><br \/>\n                    pentru a completa r\u0103spunsurile p\u00e2n\u0103 la data de:<\/span><\/i><i> <\/i><b><i><span lang=\"RO\"><font color=\"#ff0000\">25<br \/>\n                        octombrie 2022<\/font>.<\/span><\/i><\/b><\/p>\n<p class=\"MsoNormal\" style=\"text-align:justify\"><i><span lang=\"RO\">V\u0103 mul\u021bumim frumos pentru colaborare \u0219i<br \/>\n                    r\u0103m\u00e2nem la dispozi\u021bia dumneavoastr\u0103 pentru orice<br \/>\n                    clarific\u0103ri!<\/span><\/i><\/p>\n<p class=\"MsoNormal\" style=\"text-align:justify\"><i><span lang=\"RO\">\u00a0<\/p>\n<p><i><span style=\"line-height: 115%\" lang=\"RO\">Pentru informa\u021bii suplimentare v\u0103 rug\u0103m<br \/>\n                  contacta\u021bi pe <\/span><\/i><i><span style=\"line-height: 115%\" lang=\"RO\">dl Anton Romeo Marian, e-mail <a href=\"mailto:romeo.anton.nt@anofm.gov.ro\" class=\"moz-txt-link-freetext\">romeo.anton.nt@anofm.gov.ro<\/a>,<br \/>\n                      telefon 0725 000 245.<\/span><\/i><\/p>\n<p><\/span><\/i><\/p>\n","protected":false},"excerpt":{"rendered":"<p>AJOFM Neam\u021b &#8211; Chestionar privind angaj\u0103rile estimate pentru anul viitor \u0219i de m\u0103surare a unor tendin\u021be<\/p>\n","protected":false},"author":0,"featured_media":0,"comment_status":"closed","ping_status":"closed","sticky":false,"template":"","format":"standard","meta":{"footnotes":""},"categories":[4],"tags":[],"class_list":["post-203","post","type-post","status-publish","format-standard","hentry","category-anunturi-diverse"],"_links":{"self":[{"href":"https:\/\/www.anofm.ro\/neamt\/wp-json\/wp\/v2\/posts\/203","targetHints":{"allow":["GET"]}}],"collection":[{"href":"https:\/\/www.anofm.ro\/neamt\/wp-json\/wp\/v2\/posts"}],"about":[{"href":"https:\/\/www.anofm.ro\/neamt\/wp-json\/wp\/v2\/types\/post"}],"replies":[{"embeddable":true,"href":"https:\/\/www.anofm.ro\/neamt\/wp-json\/wp\/v2\/comments?post=203"}],"version-history":[{"count":0,"href":"https:\/\/www.anofm.ro\/neamt\/wp-json\/wp\/v2\/posts\/203\/revisions"}],"wp:attachment":[{"href":"https:\/\/www.anofm.ro\/neamt\/wp-json\/wp\/v2\/media?parent=203"}],"wp:term":[{"taxonomy":"category","embeddable":true,"href":"https:\/\/www.anofm.ro\/neamt\/wp-json\/wp\/v2\/categories?post=203"},{"taxonomy":"post_tag","embeddable":true,"href":"https:\/\/www.anofm.ro\/neamt\/wp-json\/wp\/v2\/tags?post=203"}],"curies":[{"name":"wp","href":"https:\/\/api.w.org\/{rel}","templated":true}]}}