{"id":202,"date":"2022-10-10T00:00:00","date_gmt":"2022-10-09T21:00:00","guid":{"rendered":"https:\/\/www.anofm.ro\/neamt\/anunt-selectie-pentru-ocuparea-unui-post-de-specialist-ru-in-cadrul-proiectului-decide-dezvoltare-prin-educatie-antreprenoriala-si-cercetare-inovativa-doctorala-si-postdoctorala\/"},"modified":"2022-10-10T00:00:00","modified_gmt":"2022-10-09T21:00:00","slug":"anunt-selectie-pentru-ocuparea-unui-post-de-specialist-ru-in-cadrul-proiectului-decide-dezvoltare-prin-educatie-antreprenoriala-si-cercetare-inovativa-doctorala-si-postdoctorala","status":"publish","type":"post","link":"https:\/\/www.anofm.ro\/neamt\/anunt-selectie-pentru-ocuparea-unui-post-de-specialist-ru-in-cadrul-proiectului-decide-dezvoltare-prin-educatie-antreprenoriala-si-cercetare-inovativa-doctorala-si-postdoctorala\/","title":{"rendered":"ANUNT- selec\u021bie pentru ocuparea unui post de specialist RU \u00een cadrul proiectului \u201eDECIDE\u2013Dezvoltare prin educa\u0163ie antreprenorial\u0103  \u015fi cercetare inovativ\u0103 doctoral\u0103 \u015fi postdoctoral\u0103\u201d"},"content":{"rendered":"<p>ANUNT- selec\u021bie pentru ocuparea unui post de specialist RU \u00een cadrul proiectului \u201eDECIDE\u2013Dezvoltare prin educa\u0163ie antreprenorial\u0103\u00a0 \u015fi cercetare inovativ\u0103 doctoral\u0103 \u015fi postdoctoral\u0103\u201d<\/p>\n<div class=\"file-list-wrap\">\n<ul class=\"file-list\">\n<li><a href=\"\/upload2\/Neam\u021b\/22680\/ANUNT_DECIDE_selectie_expert_implementare_-_10-10-2022.pdf\" download>ANUNT_DECIDE_selectie_expert_implementare_-_10-10-2022.pdf<\/a><\/li>\n<li><a href=\"\/upload2\/Neam\u021b\/22680\/Tabel_final_selectie_expert_implementare.pdf\" download>Tabel_final_selectie_expert_implementare.pdf<\/a><\/li>\n<\/ul>\n<\/div>\n","protected":false},"excerpt":{"rendered":"<p>ANUNT- selec\u021bie pentru ocuparea unui post de specialist RU \u00een cadrul proiectului \u201eDECIDE\u2013Dezvoltare prin educa\u0163ie antreprenorial\u0103  \u015fi cercetare inovativ\u0103 doctoral\u0103 \u015fi postdoctoral\u0103\u201d<\/p>\n","protected":false},"author":0,"featured_media":0,"comment_status":"closed","ping_status":"closed","sticky":false,"template":"","format":"standard","meta":{"footnotes":""},"categories":[7],"tags":[],"class_list":["post-202","post","type-post","status-publish","format-standard","hentry","category-cariera-profesionala"],"_links":{"self":[{"href":"https:\/\/www.anofm.ro\/neamt\/wp-json\/wp\/v2\/posts\/202","targetHints":{"allow":["GET"]}}],"collection":[{"href":"https:\/\/www.anofm.ro\/neamt\/wp-json\/wp\/v2\/posts"}],"about":[{"href":"https:\/\/www.anofm.ro\/neamt\/wp-json\/wp\/v2\/types\/post"}],"replies":[{"embeddable":true,"href":"https:\/\/www.anofm.ro\/neamt\/wp-json\/wp\/v2\/comments?post=202"}],"version-history":[{"count":0,"href":"https:\/\/www.anofm.ro\/neamt\/wp-json\/wp\/v2\/posts\/202\/revisions"}],"wp:attachment":[{"href":"https:\/\/www.anofm.ro\/neamt\/wp-json\/wp\/v2\/media?parent=202"}],"wp:term":[{"taxonomy":"category","embeddable":true,"href":"https:\/\/www.anofm.ro\/neamt\/wp-json\/wp\/v2\/categories?post=202"},{"taxonomy":"post_tag","embeddable":true,"href":"https:\/\/www.anofm.ro\/neamt\/wp-json\/wp\/v2\/tags?post=202"}],"curies":[{"name":"wp","href":"https:\/\/api.w.org\/{rel}","templated":true}]}}