{"id":200,"date":"2022-09-14T00:00:00","date_gmt":"2022-09-13T21:00:00","guid":{"rendered":"https:\/\/www.anofm.ro\/neamt\/proacces-4-subventionarea-locurilor-de-munca-pentru-someri\/"},"modified":"2022-09-14T00:00:00","modified_gmt":"2022-09-13T21:00:00","slug":"proacces-4-subventionarea-locurilor-de-munca-pentru-someri","status":"publish","type":"post","link":"https:\/\/www.anofm.ro\/neamt\/proacces-4-subventionarea-locurilor-de-munca-pentru-someri\/","title":{"rendered":"PROACCES 4 \u2013 Subven\u021bionarea locurilor de munc\u0103 pentru \u0219omeri"},"content":{"rendered":"<p class=\"MsoNormal\" style=\"margin-top:0cm;margin-right:0cm;margin-bottom:10.0pt;margin-left:0cm\"><span lang=\"RO\">AGEN\u021aIA NA\u021aIONAL\u0102 PENTRU<br \/>\nOCUPAREA FOR\u021aEI DE MUNC\u0102 va implementa \u00een perioada octombrie \u00a02022 \u2013 decembrie 2023 proiectul <b><i>PROACCES<br \/>\n4 \u2013 Subven\u021bionarea locurilor de munc\u0103 pentru \u0219omeri. <\/i><\/b><\/span><\/p>\n<p class=\"MsoNormal\" style=\"margin-top:0cm;margin-right:4.3pt;margin-bottom:6.0pt;margin-left:0cm\"><b><i><span lang=\"RO\">Obiectivul general al proiectului: <\/span><\/i><\/b><i><span lang=\"RO\">Cre\u0219terea oportunit\u0103\u021bilor<br \/>\npentru \u00eencadrarea a 8.444 de \u015fomeri non-NEET, \u00eenregistra\u021bi la Serviciul Public<br \/>\nde Ocupare, prin subven\u021bionarea locurilor de munc\u0103.<\/span><\/i><\/p>\n<p class=\"MsoNormal\" style=\"margin-top:0cm;margin-right:4.3pt;margin-bottom:6.0pt;margin-left:0cm\"><b><i><span lang=\"RO\">Obiectivele specifice ale proiectului<\/span><\/i><\/b><span lang=\"RO\"> sunt: <\/span><\/p>\n<p class=\"MsoListParagraph\" style=\"text-indent:-18.0pt\"><span lang=\"RO\" style=\"font-family:\">\u2013<span style=\"font-size: 7pt;line-height: normal;font-family:\">\u00a0\u00a0\u00a0\u00a0\u00a0<br \/>\n<\/span><\/span><b><i><span lang=\"RO\">Obiectiv Specific 1<\/span><\/i><\/b><span lang=\"RO\"> &#8211; <i>Stimularea<br \/>\nocup\u0103rii \u0219omerilor non-NEET cu v\u00e2rsta peste 29 de ani \u00eenregistra\u021bi la Serviciul<br \/>\nPublic de Ocupare, prin subven\u0163ionarea locurilor de munc\u0103 pentru un num\u0103r de<br \/>\n8.444 de persoane.<\/i><\/span><\/p>\n<p>Prin intermediul acestui proiect, ANOFM va sprijini financiar angajatorii care \u00eencadreaz\u0103 pe perioad\u0103 nedeterminat\u0103 \u0219omeri cu v\u00e2rsta de peste 45 de ani, \u0219omeri non-NEET care sunt p\u0103rin\u021bi unici sus\u021bin\u0103tori ai familiilor monoparentale, \u0219omeri de lung\u0103 durat\u0103, persoane cu handicap, \u00een conformitate cu art. 85 din Legea nr.76\/2002 privind sistemul asigur\u0103rilor pentru \u0219omaj \u0219i stimularea ocup\u0103rii for\u021bei de munc\u0103.<\/p>\n<p>Grupul \u021bint\u0103 cuprinde 8.444 \u0219omeri non\u2013NEET, cu domiciliul sau re\u0219edin\u021ba \u00een regiunile eligibile (Centru, Sud-Muntenia, Sud-Vest Oltenia,Nord-Est, Nord-Vest, Sud-Est, Vest).<\/p>\n<\/p>\n<p><\/p>\n<div class=\"file-list-wrap\">\n<ul class=\"file-list\">\n<li><a href=\"\/upload2\/Neam\u021b\/22345\/Anunt_intentie_pr_PROACCES_4_AJOFM_Neamt.pdf\" download>Anunt_intentie_pr_PROACCES_4_AJOFM_Neamt.pdf<\/a><\/li>\n<li><a href=\"\/upload2\/Neam\u021b\/22345\/Bibliografie_selectie_posturi_vacante_PROACCES_4.pdf\" download>Bibliografie_selectie_posturi_vacante_PROACCES_4.pdf<\/a><\/li>\n<li><a href=\"\/upload2\/Neam\u021b\/22345\/Rezultat_final_PROACCES_4.pdf\" download>Rezultat_final_PROACCES_4.pdf<\/a><\/li>\n<li><a href=\"\/upload2\/Neam\u021b\/22345\/Comunicat_de_presa_PROACCES_4.pdf\" download>Comunicat_de_presa_PROACCES_4.pdf<\/a><\/li>\n<\/ul>\n<\/div>\n","protected":false},"excerpt":{"rendered":"<p>PROACCES 4 \u2013 Subven\u021bionarea locurilor de munc\u0103 pentru \u0219omeri<\/p>\n","protected":false},"author":0,"featured_media":0,"comment_status":"closed","ping_status":"closed","sticky":false,"template":"","format":"standard","meta":{"footnotes":""},"categories":[20],"tags":[],"class_list":["post-200","post","type-post","status-publish","format-standard","hentry","category-proiecte"],"_links":{"self":[{"href":"https:\/\/www.anofm.ro\/neamt\/wp-json\/wp\/v2\/posts\/200","targetHints":{"allow":["GET"]}}],"collection":[{"href":"https:\/\/www.anofm.ro\/neamt\/wp-json\/wp\/v2\/posts"}],"about":[{"href":"https:\/\/www.anofm.ro\/neamt\/wp-json\/wp\/v2\/types\/post"}],"replies":[{"embeddable":true,"href":"https:\/\/www.anofm.ro\/neamt\/wp-json\/wp\/v2\/comments?post=200"}],"version-history":[{"count":0,"href":"https:\/\/www.anofm.ro\/neamt\/wp-json\/wp\/v2\/posts\/200\/revisions"}],"wp:attachment":[{"href":"https:\/\/www.anofm.ro\/neamt\/wp-json\/wp\/v2\/media?parent=200"}],"wp:term":[{"taxonomy":"category","embeddable":true,"href":"https:\/\/www.anofm.ro\/neamt\/wp-json\/wp\/v2\/categories?post=200"},{"taxonomy":"post_tag","embeddable":true,"href":"https:\/\/www.anofm.ro\/neamt\/wp-json\/wp\/v2\/tags?post=200"}],"curies":[{"name":"wp","href":"https:\/\/api.w.org\/{rel}","templated":true}]}}