{"id":199,"date":"2022-09-13T00:00:00","date_gmt":"2022-09-12T21:00:00","guid":{"rendered":"https:\/\/www.anofm.ro\/neamt\/proiect-pro-neets-rmpd-stimularea-integrarii-absolventilor-neets-pe-piata-muncii\/"},"modified":"2022-09-13T00:00:00","modified_gmt":"2022-09-12T21:00:00","slug":"proiect-pro-neets-rmpd-stimularea-integrarii-absolventilor-neets-pe-piata-muncii","status":"publish","type":"post","link":"https:\/\/www.anofm.ro\/neamt\/proiect-pro-neets-rmpd-stimularea-integrarii-absolventilor-neets-pe-piata-muncii\/","title":{"rendered":"proiect PRO NEETs RMPD &#8211; Stimularea integr\u0103rii absolven\u021bilor NEETs pe pia\u021ba muncii"},"content":{"rendered":"<div>AGEN\u021aIA NA\u021aIONAL\u0102 PENTRU OCUPAREA FOR\u021aEI DE MUNC\u0102 va implementa \u00een perioada octombrie 2022 \u2013 decembrie 2023 proiectul PRONEETs RMPD &#8211; Stimularea integr\u0103rii absolven\u021bilor NEETs pe pia\u021ba muncii.<\/div>\n<div>Obiectivul general al proiectului: Cre\u0219terea oportunit\u0103\u021bilor pentru \u00eencadrarea a 972 tineri NEETs \u0219omeri \u00eenregistra\u021bi la Serviciul Public de Ocupare (SPO) prin subven\u021bionarea locurilor de munc\u0103.<\/div>\n<div>Obiectivele specifice ale proiectului sunt:<\/div>\n<div>\u2013 Obiectiv Specific 1 &#8211; Stimularea ocup\u0103rii tinerilor NEET \u0219omeri \u00eenregistra\u021bi la Serviciul Public de Ocupare (SPO), prin acordarea subven\u0163ii angajatorilor pentru \u00eencadrarea \u00een munc\u0103 a 972 tineri NEET absolven\u0163i ai unor institu\u0163ii de \u00eenv\u0103\u0163\u0103m\u00e2nt, conform art. 80 din Legea 76\/2002, cu modific\u0103rile \u0219i complet\u0103rile ulterioare<\/div>\n<div>Activit\u0103\u021bile proiectului sunt:<\/div>\n<div>Activitatea 1 &#8211; Subven\u0163ionarea locurilor de munc\u0103 pentru \u00eencadrarea \u015fomerilor tineri NEET cu v\u00e2rsta cuprins\u0103 \u00eentre 16 \u015fi 29 ani<\/div>\n<div>Activitatea 2 &#8211; Analiza, \u00eentocmire, plat\u0103 \u0219i monitorizare beneficiar<\/div>\n<div>Activitatea 3 &#8211; Managementul proiectului<\/div>\n<\/p>\n<div class=\"file-list-wrap\">\n<ul class=\"file-list\">\n<li><a href=\"\/upload2\/Neam\u021b\/22336\/Anunt_intentie_PRONEETs_AJOFM_NT.pdf\" download>Anunt_intentie_PRONEETs_AJOFM_NT.pdf<\/a><\/li>\n<li><a href=\"\/upload2\/Neam\u021b\/22336\/Rezultat_final_PRONEETs.pdf\" download>Rezultat_final_PRONEETs.pdf<\/a><\/li>\n<li><a href=\"\/upload2\/Neam\u021b\/22336\/brosura_PRONEETs_-_Stimularea_integrarii_absolventilor_NEETs_pe_piata_muncii.pdf\" download>brosura_PRONEETs_-_Stimularea_integrarii_absolventilor_NEETs_pe_piata_muncii.pdf<\/a><\/li>\n<li><a href=\"\/upload2\/Neam\u021b\/22336\/brosura_PRONEETs_-_Stimularea_integrarii_absolventilor_NEETs_pe_piata.pdf\" download>brosura_PRONEETs_-_Stimularea_integrarii_absolventilor_NEETs_pe_piata.pdf<\/a><\/li>\n<\/ul>\n<\/div>\n","protected":false},"excerpt":{"rendered":"<p>proiect PRO NEETs RMPD &#8211; Stimularea integr\u0103rii absolven\u021bilor NEETs pe pia\u021ba muncii<\/p>\n","protected":false},"author":0,"featured_media":0,"comment_status":"closed","ping_status":"closed","sticky":false,"template":"","format":"standard","meta":{"footnotes":""},"categories":[20],"tags":[],"class_list":["post-199","post","type-post","status-publish","format-standard","hentry","category-proiecte"],"_links":{"self":[{"href":"https:\/\/www.anofm.ro\/neamt\/wp-json\/wp\/v2\/posts\/199","targetHints":{"allow":["GET"]}}],"collection":[{"href":"https:\/\/www.anofm.ro\/neamt\/wp-json\/wp\/v2\/posts"}],"about":[{"href":"https:\/\/www.anofm.ro\/neamt\/wp-json\/wp\/v2\/types\/post"}],"replies":[{"embeddable":true,"href":"https:\/\/www.anofm.ro\/neamt\/wp-json\/wp\/v2\/comments?post=199"}],"version-history":[{"count":0,"href":"https:\/\/www.anofm.ro\/neamt\/wp-json\/wp\/v2\/posts\/199\/revisions"}],"wp:attachment":[{"href":"https:\/\/www.anofm.ro\/neamt\/wp-json\/wp\/v2\/media?parent=199"}],"wp:term":[{"taxonomy":"category","embeddable":true,"href":"https:\/\/www.anofm.ro\/neamt\/wp-json\/wp\/v2\/categories?post=199"},{"taxonomy":"post_tag","embeddable":true,"href":"https:\/\/www.anofm.ro\/neamt\/wp-json\/wp\/v2\/tags?post=199"}],"curies":[{"name":"wp","href":"https:\/\/api.w.org\/{rel}","templated":true}]}}