{"id":191,"date":"2022-04-29T00:00:00","date_gmt":"2022-04-28T21:00:00","guid":{"rendered":"https:\/\/www.anofm.ro\/neamt\/modelul-documentelor-pentru-plata-somajului-tehnic-a-fost-aprobat-de-ministrul-muncii-si-solidaritatii-sociale\/"},"modified":"2022-04-29T00:00:00","modified_gmt":"2022-04-28T21:00:00","slug":"modelul-documentelor-pentru-plata-somajului-tehnic-a-fost-aprobat-de-ministrul-muncii-si-solidaritatii-sociale","status":"publish","type":"post","link":"https:\/\/www.anofm.ro\/neamt\/modelul-documentelor-pentru-plata-somajului-tehnic-a-fost-aprobat-de-ministrul-muncii-si-solidaritatii-sociale\/","title":{"rendered":"Modelul documentelor pentru plata \u0219omajului tehnic a fost aprobat de ministrul muncii \u0219i solidarit\u0103\u021bii sociale"},"content":{"rendered":"<p class=\"MsoNormal\" style=\"margin-top:0cm;margin-right:26.9pt;margin-bottom:6.0pt;margin-left:0cm\">\n<p class=\"MsoNormal\" align=\"center\" style=\"margin-top:0cm;margin-right:26.9pt;margin-bottom:6.0pt;margin-left:0cm;text-align:center\"><b><span lang=\"RO\">Comunicat de pres\u0103<\/span><\/b><\/p>\n<p class=\"MsoNormal\" align=\"center\" style=\"margin-top:0cm;margin-right:26.9pt;margin-bottom:6.0pt;margin-left:0cm;text-align:center\"><b><span lang=\"RO\">Modelul documentelor pentru<br \/>\nplata \u0219omajului tehnic a fost aprobat de ministrul muncii \u0219i solidarit\u0103\u021bii sociale<\/span><\/b><\/p>\n<p class=\"MsoNormal\" style=\"margin-top:0cm;margin-right:26.9pt;margin-bottom:6.0pt;margin-left:0cm\"><b><span lang=\"RO\">\u00a0<\/span><\/b><\/p>\n<p class=\"MsoNormal\" style=\"margin-left:0cm\"><span lang=\"RO\">Modelul tipizat al documentelor necesare angajatorilor pentru plata<br \/>\nindemniza\u0163iei de \u015fomaj tehnic reglementat de Ordonan\u021ba de Urgen\u021b\u0103 nr.36\/2022 privind<br \/>\nstabilirea unor m\u0103suri de protec\u021bie social\u0103 a salaria\u021bilor \u00een contextul<br \/>\nconflictului armat din Ucraina, precum \u0219i ca urmare a sanc\u021biunilor<br \/>\ninterna\u021bionale aplicate Federa\u021biei Ruse \u0219i Belarusului a fost aprobat prin<br \/>\nordinul Ministrului muncii \u015fi solidarit\u0103\u0163ii sociale nr. 705 publicat \u00een<br \/>\nMonitorul Oficial din 20 aprilie 2022<\/span><\/p>\n<p class=\"MsoNormal\" style=\"margin-top:0cm;margin-right:.1pt;margin-bottom:6.0pt;margin-left:0cm\"><span lang=\"RO\">Lu\u00e2nd \u00een<br \/>\nconsiderare faptul c\u0103 activitatea unor angajatori a fost afectat\u0103 ca urmare a<br \/>\ndeclan\u0219\u0103rii conflictului din Ucraina \u0219i impunerii sanc\u021biunilor economice la<br \/>\nnivel interna\u021bional \u00eempotriva Federa\u0163iei Ruse \u015fi a Belarusului, a fost aprobat\u0103<br \/>\nOUG 36\/2022, prin care se instituie posibilitatea ca salaria\u021bii acestor firme<br \/>\ns\u0103 beneficieze de indemniza\u021bia de \u0219omaj tehnic, din bugetul asigur\u0103rilor pentru<br \/>\n\u015fomaj, \u00eencep\u00e2nd cu data de 7 aprilie 2022 \u0219i p\u00e2n\u0103 la data de 31 decembrie 2022.<\/span><\/p>\n<p class=\"MsoNormal\" style=\"margin-top:0cm;margin-right:.1pt;margin-bottom:6.0pt;margin-left:0cm\"><span lang=\"RO\">Indemniza\u021bia de<br \/>\n\u0219omaj tehnic se va acorda salaria\u021bilor al c\u0103rui contract individual de munc\u0103 este<br \/>\nsuspendat temporar din ini\u0163iativa angajatorului, conform art.52 alin (1) lit c)<br \/>\ndin Legea nr. 53\/2003 \u2013 Codul muncii, \u0219i se stabile\u0219te ca valoare brut\u0103 la 75%<br \/>\ndin salariul de baz\u0103 corespunz\u0103tor locului de munc\u0103 ocupat, dar nu mai mult de<br \/>\n75% din c\u00e2\u015ftigul salarial mediu brut prev\u0103zut de<a name=\"REF2\"><\/a> Legea<br \/>\nbugetului asigur\u0103rilor sociale de stat pe anul 2022 nr. 318\/2021.<\/span><\/p>\n<p class=\"MsoNormal\" style=\"margin-top:0cm;margin-right:.1pt;margin-bottom:6.0pt;margin-left:0cm\"><b><span lang=\"RO\">Categoriile de salaria\u0163i care beneficiaz\u0103 de<br \/>\nprevederile OUG 36-2022 sunt:<\/span><\/b><\/p>\n<p class=\"MsoNormal\" style=\"margin-top:0cm;margin-right:.1pt;margin-bottom:6.0pt;margin-left:0cm\"><span lang=\"RO\">&#8211; salaria\u0163ii<br \/>\nangajatorilor afecta\u0163i economic \u00een mod direct sau indirect ca urmare a<br \/>\nconflictului din Ucraina \u0219i impunerii sanc\u021biunilor economice la nivel<br \/>\ninterna\u021bional \u00eempotriva Federa\u0163iei Ruse \u015fi a Belarusului \u015fi care \u00eenregistreaz\u0103<br \/>\no diminuare a \u00eencas\u0103rilor cu un procent de minimum 20% raportat la \u00eencas\u0103rile<br \/>\nrealizate \u00een luna ianuarie 2022 sau la \u00eencas\u0103rile realizate \u00een luna similar\u0103 a<br \/>\nanului 2021,<\/span><\/p>\n<p class=\"MsoNormal\" style=\"margin-top:0cm;margin-right:.1pt;margin-bottom:6.0pt;margin-left:0cm\"><span lang=\"RO\">&#8211; salaria\u0163ii<br \/>\nangajatorilor supu\u015fi sanc\u0163iunilor interna\u0163ionale care au fondurile sau<br \/>\nresursele economice blocate prin ordin emis de pre\u015fedintele ANAF.<\/span><\/p>\n<p class=\"MsoNormal\" style=\"margin-top:0cm;margin-right:.1pt;margin-bottom:6.0pt;margin-left:0cm\"><span lang=\"RO\">Indemniza\u021bia de<br \/>\n\u0219omaj tehnic se va calcula \u015fi se va acorda propor\u0163ional cu num\u0103rul de zile \u00een<br \/>\ncare activitatea a fost \u00eentrerupt\u0103 sau redus\u0103 temporar.<\/span><\/p>\n<p class=\"MsoNormal\" style=\"margin-top:0cm;margin-right:.1pt;margin-bottom:6.0pt;margin-left:0cm\"><span lang=\"RO\">Documentele<br \/>\nnecesare acord\u0103rii sumelor necesare pl\u0103\u0163ii indemniza\u0163iei de \u015fomaj tehnic<br \/>\nangajatorilor se depun de c\u0103tre angajator prin po\u015ft\u0103 electronic\u0103 la agen\u0163iile<br \/>\npentru ocuparea for\u0163ei de munc\u0103, respectiv:<\/span><\/p>\n<p class=\"MsoListParagraphCxSpFirst\" style=\"margin-top:0cm;margin-right:.1pt;margin-bottom:6.0pt;margin-left:0cm;text-indent:0cm\"><span lang=\"RO\"><span>&#8211;<span style=\"font:7.0pt\">\u00a0\u00a0\u00a0\u00a0\u00a0\u00a0\u00a0\u00a0\u00a0\u00a0\u00a0\u00a0\u00a0<br \/>\n<\/span><\/span><\/span><b><span lang=\"RO\">cererea datat\u0103 \u015fi semnat\u0103 de c\u0103tre<br \/>\nreprezentantul legal al firmei<\/span><\/b><span lang=\"RO\"> \u00eenso\u021bit\u0103 de o <b>declara\u021bie pe propria<\/b><br \/>\nr\u0103spundere din care s\u0103 reias\u0103 c\u0103 au fost afecta\u021bi \u00een mod direct sau indirect de<br \/>\nimposibilitatea efectu\u0103rii de tranzac\u021bii comerciale cu operatori economici din<br \/>\nUcraina, Federa\u021bia Rus\u0103 \u0219i Belarus, ca urmare a efectelor generate de<br \/>\nconflictul armat din Ucraina<\/span>;<span lang=\"RO\"><\/span><\/p>\n<p class=\"MsoListParagraphCxSpMiddle\" style=\"margin-top:0cm;margin-right:.1pt;margin-bottom:6.0pt;margin-left:0cm;text-indent:0cm\"><span lang=\"RO\"><span>&#8211;<span style=\"font:7.0pt\">\u00a0\u00a0\u00a0\u00a0\u00a0\u00a0\u00a0\u00a0\u00a0\u00a0\u00a0\u00a0\u00a0<br \/>\n<\/span><\/span><\/span><b><span lang=\"RO\">balan\u0163a de venituri \u015fi cheltuieli<\/span><\/b><span lang=\"RO\"> aferent\u0103 lunii pentru care se solicit\u0103<br \/>\nindemniza\u0163ia, precum \u015fi cea la care se raporteaz\u0103 diminuarea sau, dup\u0103 caz,<br \/>\ncopia ordinului de blocare a fondurilor sau resurselor economice \u00een domeniul<br \/>\nsanc\u0163iunilor interna\u0163ionale, emis de pre\u015fedintele ANAF;<\/span><\/p>\n<p class=\"MsoListParagraphCxSpLast\" style=\"margin-top:0cm;margin-right:.1pt;margin-bottom:6.0pt;margin-left:0cm;text-indent:0cm\"><span lang=\"RO\"><span>&#8211;<span style=\"font:7.0pt\">\u00a0\u00a0\u00a0\u00a0\u00a0\u00a0\u00a0\u00a0\u00a0\u00a0\u00a0\u00a0\u00a0<br \/>\n<\/span><\/span><\/span><b><span lang=\"RO\">lista persoanelor<\/span><\/b><span lang=\"RO\"> care urmeaz\u0103 s\u0103 beneficieze de aceast\u0103<br \/>\nindemniza\u0163ie.<\/span><\/p>\n<p class=\"MsoNormal\" style=\"margin-left:0cm\"><b><span lang=\"RO\">Modelul cererii, al declara\u021biei pe propria<br \/>\nr\u0103spundere, precum \u0219i al listei persoanelor care urmeaz\u0103 s\u0103 beneficieze de<br \/>\nindemniza\u021bia de \u0219omaj tehnic se pot desc\u0103rca \u00een format editabil pe site-ul <\/span><\/b><a href=\"http:\/\/www.anofm.ro\/\"><b><span lang=\"RO\">www.anofm.ro<\/span><\/b><\/a><b><span lang=\"RO\"> , sec\u021biunea <\/span>\u201c<\/b><b><span lang=\"RO\">Formulare angajatori<\/span>\u201d.<\/b><\/p>\n<p class=\"MsoNormal\" style=\"margin-left:0cm\"><span lang=\"RO\" style=\"color:#191919;background:white\">\u00a0<\/span><\/p>\n<p class=\"MsoNormal\" style=\"margin-left:0cm\"><span lang=\"RO\" style=\"color:#191919;background:white\">\u00a0<\/span><\/p>\n<p class=\"MsoNormal\" align=\"center\" style=\"margin-left:0cm;text-align:center\"><b><span lang=\"RO\">Serviciul Comunicare, Rela\u021bii cu Pubicul \u0219i Secretariatul<br \/>\nConsiliului de Administra\u021bie<\/span><\/b><\/p>\n<p><\/p>\n","protected":false},"excerpt":{"rendered":"<p>Modelul documentelor pentru plata \u0219omajului tehnic a fost aprobat de ministrul muncii \u0219i solidarit\u0103\u021bii sociale<\/p>\n","protected":false},"author":0,"featured_media":0,"comment_status":"closed","ping_status":"closed","sticky":false,"template":"","format":"standard","meta":{"footnotes":""},"categories":[9],"tags":[],"class_list":["post-191","post","type-post","status-publish","format-standard","hentry","category-comunicate-de-presa"],"_links":{"self":[{"href":"https:\/\/www.anofm.ro\/neamt\/wp-json\/wp\/v2\/posts\/191","targetHints":{"allow":["GET"]}}],"collection":[{"href":"https:\/\/www.anofm.ro\/neamt\/wp-json\/wp\/v2\/posts"}],"about":[{"href":"https:\/\/www.anofm.ro\/neamt\/wp-json\/wp\/v2\/types\/post"}],"replies":[{"embeddable":true,"href":"https:\/\/www.anofm.ro\/neamt\/wp-json\/wp\/v2\/comments?post=191"}],"version-history":[{"count":0,"href":"https:\/\/www.anofm.ro\/neamt\/wp-json\/wp\/v2\/posts\/191\/revisions"}],"wp:attachment":[{"href":"https:\/\/www.anofm.ro\/neamt\/wp-json\/wp\/v2\/media?parent=191"}],"wp:term":[{"taxonomy":"category","embeddable":true,"href":"https:\/\/www.anofm.ro\/neamt\/wp-json\/wp\/v2\/categories?post=191"},{"taxonomy":"post_tag","embeddable":true,"href":"https:\/\/www.anofm.ro\/neamt\/wp-json\/wp\/v2\/tags?post=191"}],"curies":[{"name":"wp","href":"https:\/\/api.w.org\/{rel}","templated":true}]}}