{"id":190,"date":"2022-04-20T00:00:00","date_gmt":"2022-04-19T21:00:00","guid":{"rendered":"https:\/\/www.anofm.ro\/neamt\/concurs-de-recrutare-pentru-functia-publica-de-executie-vacanta-de-consilier-superior-din-cadrul-compartimentului-inregistrare-si-stabilire-drepturi-someri-alofm-piatra-neamt\/"},"modified":"2022-04-20T00:00:00","modified_gmt":"2022-04-19T21:00:00","slug":"concurs-de-recrutare-pentru-functia-publica-de-executie-vacanta-de-consilier-superior-din-cadrul-compartimentului-inregistrare-si-stabilire-drepturi-someri-alofm-piatra-neamt","status":"publish","type":"post","link":"https:\/\/www.anofm.ro\/neamt\/concurs-de-recrutare-pentru-functia-publica-de-executie-vacanta-de-consilier-superior-din-cadrul-compartimentului-inregistrare-si-stabilire-drepturi-someri-alofm-piatra-neamt\/","title":{"rendered":"Concurs de recrutare pentru func\u021bia public\u0103 de execu\u021bie vacant\u0103 de consilier superior din cadrul compartimentului Inregistrare \u0219i Stabilire Drepturi \u0218omeri &#8211; ALOFM Piatra Neamt"},"content":{"rendered":"<p><span lang=\"PT-BR\" style=\"font-size:12.0pt;line-height:115%;font-family:\">Agen\u0163ia Jude\u0163ean<\/span><span lang=\"RO\" style=\"font-size:12.0pt;line-height:115%;font-family:\">\u0103<\/span><span lang=\"PT-BR\" style=\"font-size:12.0pt;line-height:115%;font-family:\"> Pentru Ocuparea For\u0163ei de Munc\u0103 Neam\u0163,<br \/>\norganizeaz\u0103 concurs de recrutare pe func\u021bia public\u0103 de execu\u021bie vacant\u0103 de <\/span><b><span lang=\"RO\" style=\"font-size: 12pt;line-height: 115%;font-family:\">consilier,<br \/>\nclasa I grad profesional superior, <\/span><\/b><span lang=\"RO\" style=\"font-size: 12pt;line-height: 115%;font-family:\">compartimentul<br \/>\nInregistrare \u0219i Stabilire Drepturi \u0218omeri, serviciul <b>\u00a0ALOFM Piatra Neam\u021b<\/b>.<\/span><\/p>\n<div class=\"file-list-wrap\">\n<ul class=\"file-list\">\n<li><a href=\"\/upload2\/Neam\u021b\/20512\/ANUNT_concurs_consilier_superior_-_ALOFM_Piatra_Neamt.pdf\" download>ANUNT_concurs_consilier_superior_-_ALOFM_Piatra_Neamt.pdf<\/a><\/li>\n<li><a href=\"\/upload2\/Neam\u021b\/20512\/TABEL_SELECTIE_dosare_-_consilier_superior.pdf\" download>TABEL_SELECTIE_dosare_-_consilier_superior.pdf<\/a><\/li>\n<li><a href=\"\/upload2\/Neam\u021b\/20512\/Selectie_consilier_ALOFM_Piatra_Neamt_-_TABEL_proba_scrisa.pdf\" download>Selectie_consilier_ALOFM_Piatra_Neamt_-_TABEL_proba_scrisa.pdf<\/a><\/li>\n<li><a href=\"\/upload2\/Neam\u021b\/20512\/Selectie_consilier_ALOFM_Piatra_Neamt_-_rezultat_final.pdf\" download>Selectie_consilier_ALOFM_Piatra_Neamt_-_rezultat_final.pdf<\/a><\/li>\n<\/ul>\n<\/div>\n","protected":false},"excerpt":{"rendered":"<p>Concurs de recrutare pentru func\u021bia public\u0103 de execu\u021bie vacant\u0103 de consilier superior din cadrul compartimentului Inregistrare \u0219i Stabilire Drepturi \u0218omeri &#8211; ALOFM Piatra Neamt<\/p>\n","protected":false},"author":0,"featured_media":0,"comment_status":"closed","ping_status":"closed","sticky":false,"template":"","format":"standard","meta":{"footnotes":""},"categories":[7],"tags":[],"class_list":["post-190","post","type-post","status-publish","format-standard","hentry","category-cariera-profesionala"],"_links":{"self":[{"href":"https:\/\/www.anofm.ro\/neamt\/wp-json\/wp\/v2\/posts\/190","targetHints":{"allow":["GET"]}}],"collection":[{"href":"https:\/\/www.anofm.ro\/neamt\/wp-json\/wp\/v2\/posts"}],"about":[{"href":"https:\/\/www.anofm.ro\/neamt\/wp-json\/wp\/v2\/types\/post"}],"replies":[{"embeddable":true,"href":"https:\/\/www.anofm.ro\/neamt\/wp-json\/wp\/v2\/comments?post=190"}],"version-history":[{"count":0,"href":"https:\/\/www.anofm.ro\/neamt\/wp-json\/wp\/v2\/posts\/190\/revisions"}],"wp:attachment":[{"href":"https:\/\/www.anofm.ro\/neamt\/wp-json\/wp\/v2\/media?parent=190"}],"wp:term":[{"taxonomy":"category","embeddable":true,"href":"https:\/\/www.anofm.ro\/neamt\/wp-json\/wp\/v2\/categories?post=190"},{"taxonomy":"post_tag","embeddable":true,"href":"https:\/\/www.anofm.ro\/neamt\/wp-json\/wp\/v2\/tags?post=190"}],"curies":[{"name":"wp","href":"https:\/\/api.w.org\/{rel}","templated":true}]}}