{"id":189,"date":"2022-04-19T00:00:00","date_gmt":"2022-04-18T21:00:00","guid":{"rendered":"https:\/\/www.anofm.ro\/neamt\/concurs-de-recrutare-pentru-functia-publica-de-executie-vacanta-de-consilier-debutant-din-cadrul-compartimentului-implementare-masuri-active-si-relatii-cu-angajatorii-alofm-roman\/"},"modified":"2022-04-19T00:00:00","modified_gmt":"2022-04-18T21:00:00","slug":"concurs-de-recrutare-pentru-functia-publica-de-executie-vacanta-de-consilier-debutant-din-cadrul-compartimentului-implementare-masuri-active-si-relatii-cu-angajatorii-alofm-roman","status":"publish","type":"post","link":"https:\/\/www.anofm.ro\/neamt\/concurs-de-recrutare-pentru-functia-publica-de-executie-vacanta-de-consilier-debutant-din-cadrul-compartimentului-implementare-masuri-active-si-relatii-cu-angajatorii-alofm-roman\/","title":{"rendered":"Concurs de recrutare pentru func\u021bia public\u0103 de execu\u021bie vacant\u0103 de consilier debutant din cadrul Compartimentului Implementare M\u0103suri Active \u0219i Rela\u021bii cu Angajatorii &#8211; ALOFM Roman"},"content":{"rendered":"<p class=\"MsoNormal\" style=\"margin-top:0cm;margin-right:-14.4pt;margin-bottom:6.0pt;margin-left:-7.2pt;line-height:normal\"><span lang=\"PT-BR\" style=\"font-size:12.0pt\">Agen\u0163ia Jude\u0163ean<\/span><span lang=\"RO\" style=\"font-size:12.0pt\">\u0103<\/span><span lang=\"PT-BR\" style=\"font-size:12.0pt\"> Pentru Ocuparea For\u0163ei de Munc\u0103 Neam\u0163, organizeaz\u0103<br \/>\nconcurs de recrutare pe func\u021bia public\u0103 de execu\u021bie vacant\u0103 de <\/span><b><span lang=\"RO\" style=\"font-size:12.0pt;color:black\">consilier, clasa I grad profesional debutant, <\/span><\/b><span lang=\"RO\" style=\"font-size:12.0pt;color:black\">compartimentul<span>\u00a0<br \/>\n<\/span>Implementare M\u0103suri Active \u0219i Rela\u021bii cu Angajatorii, serviciul <b><span>\u00a0<\/span>ALOFM Roman<\/b>.<b><\/b><\/span><\/p>\n<div class=\"file-list-wrap\">\n<ul class=\"file-list\">\n<li><a href=\"\/upload2\/Neam\u021b\/20491\/ANUNT_concurs_consilier_debutant_-_ALOFM_Roman.pdf\" download>ANUNT_concurs_consilier_debutant_-_ALOFM_Roman.pdf<\/a><\/li>\n<li><a href=\"\/upload2\/Neam\u021b\/20491\/TABEL_SELECTIE_dosare_-_consilier_debutant.pdf\" download>TABEL_SELECTIE_dosare_-_consilier_debutant.pdf<\/a><\/li>\n<li><a href=\"\/upload2\/Neam\u021b\/20491\/Selectie_debutant_ALOFM_Roman_-_TABEL_proba_scrisa.pdf\" download>Selectie_debutant_ALOFM_Roman_-_TABEL_proba_scrisa.pdf<\/a><\/li>\n<li><a href=\"\/upload2\/Neam\u021b\/20491\/Selectie_debutant_ALOFM_Roman_-_TABEL_proba_interviu.pdf\" download>Selectie_debutant_ALOFM_Roman_-_TABEL_proba_interviu.pdf<\/a><\/li>\n<li><a href=\"\/upload2\/Neam\u021b\/20491\/Selectie_debutant_ALOFM_Roman_-_rezultat_final.pdf\" download>Selectie_debutant_ALOFM_Roman_-_rezultat_final.pdf<\/a><\/li>\n<\/ul>\n<\/div>\n","protected":false},"excerpt":{"rendered":"<p>Concurs de recrutare pentru func\u021bia public\u0103 de execu\u021bie vacant\u0103 de consilier debutant din cadrul Compartimentului Implementare M\u0103suri Active \u0219i Rela\u021bii cu Angajatorii &#8211; ALOFM Roman<\/p>\n","protected":false},"author":0,"featured_media":0,"comment_status":"closed","ping_status":"closed","sticky":false,"template":"","format":"standard","meta":{"footnotes":""},"categories":[7],"tags":[],"class_list":["post-189","post","type-post","status-publish","format-standard","hentry","category-cariera-profesionala"],"_links":{"self":[{"href":"https:\/\/www.anofm.ro\/neamt\/wp-json\/wp\/v2\/posts\/189","targetHints":{"allow":["GET"]}}],"collection":[{"href":"https:\/\/www.anofm.ro\/neamt\/wp-json\/wp\/v2\/posts"}],"about":[{"href":"https:\/\/www.anofm.ro\/neamt\/wp-json\/wp\/v2\/types\/post"}],"replies":[{"embeddable":true,"href":"https:\/\/www.anofm.ro\/neamt\/wp-json\/wp\/v2\/comments?post=189"}],"version-history":[{"count":0,"href":"https:\/\/www.anofm.ro\/neamt\/wp-json\/wp\/v2\/posts\/189\/revisions"}],"wp:attachment":[{"href":"https:\/\/www.anofm.ro\/neamt\/wp-json\/wp\/v2\/media?parent=189"}],"wp:term":[{"taxonomy":"category","embeddable":true,"href":"https:\/\/www.anofm.ro\/neamt\/wp-json\/wp\/v2\/categories?post=189"},{"taxonomy":"post_tag","embeddable":true,"href":"https:\/\/www.anofm.ro\/neamt\/wp-json\/wp\/v2\/tags?post=189"}],"curies":[{"name":"wp","href":"https:\/\/api.w.org\/{rel}","templated":true}]}}