{"id":182,"date":"2022-03-01T00:00:00","date_gmt":"2022-02-28T22:00:00","guid":{"rendered":"https:\/\/www.anofm.ro\/neamt\/comunicat-de-presa-angajare-cetateni-ucraineni-pe-teritoriul-romaniei\/"},"modified":"2022-03-01T00:00:00","modified_gmt":"2022-02-28T22:00:00","slug":"comunicat-de-presa-angajare-cetateni-ucraineni-pe-teritoriul-romaniei","status":"publish","type":"post","link":"https:\/\/www.anofm.ro\/neamt\/comunicat-de-presa-angajare-cetateni-ucraineni-pe-teritoriul-romaniei\/","title":{"rendered":"Comunicat de presa &#8211; Angajare cetateni ucraineni pe teritoriul Romaniei"},"content":{"rendered":"<p><span style=\"font-family: -apple-system, BlinkMacSystemFont,\">Agen\u021bia Na\u021bional\u0103 pentru Ocuparea For\u021bei de Munc\u0103 informeaz\u0103 agen\u021bii economici cu privire la faptul c\u0103 cet\u0103\u021benii ucraineni care doresc s\u0103 se angajeze pe teritoriul \u021b\u0103rii noastre\u00a0<\/span><span style=\"font-weight: bolder;font-family: -apple-system, BlinkMacSystemFont,\">nu au nevoie de aviz de angajare<\/span><span style=\"font-family: -apple-system, BlinkMacSystemFont,\">\u00a0pentru o perioad\u0103 de maximum 9 luni \u00eentr-un an calendaristic, potrivit Legii nr. 200\/2020 pentru completarea Ordonan\u0163ei de urgen\u0163\u0103 a Guvernului nr. 194\/2002 privind regimul str\u0103inilor \u00een Rom\u00e2nia \u015fi a Ordonan\u0163ei Guvernului nr. 25\/2014 privind \u00eencadrarea \u00een munc\u0103 \u015fi deta\u015farea str\u0103inilor pe teritoriul Rom\u00e2niei \u015fi pentru modificarea \u015fi completarea unor acte normative privind regimul str\u0103inilor \u00een Rom\u00e2nia.<\/span><\/p>\n<div class=\"file-list-wrap\">\n<ul class=\"file-list\">\n<li><a href=\"\/upload2\/Neam\u021b\/19760\/Comunicat_de_presa_-_Angajare_cetateni_ucraineni_pe_teritoriul_Romaniei.pdf\" download>Comunicat_de_presa_-_Angajare_cetateni_ucraineni_pe_teritoriul_Romaniei.pdf<\/a><\/li>\n<\/ul>\n<\/div>\n","protected":false},"excerpt":{"rendered":"<p>Comunicat de presa &#8211; Angajare cetateni ucraineni pe teritoriul Romaniei<\/p>\n","protected":false},"author":0,"featured_media":0,"comment_status":"closed","ping_status":"closed","sticky":false,"template":"","format":"standard","meta":{"footnotes":""},"categories":[9],"tags":[],"class_list":["post-182","post","type-post","status-publish","format-standard","hentry","category-comunicate-de-presa"],"_links":{"self":[{"href":"https:\/\/www.anofm.ro\/neamt\/wp-json\/wp\/v2\/posts\/182","targetHints":{"allow":["GET"]}}],"collection":[{"href":"https:\/\/www.anofm.ro\/neamt\/wp-json\/wp\/v2\/posts"}],"about":[{"href":"https:\/\/www.anofm.ro\/neamt\/wp-json\/wp\/v2\/types\/post"}],"replies":[{"embeddable":true,"href":"https:\/\/www.anofm.ro\/neamt\/wp-json\/wp\/v2\/comments?post=182"}],"version-history":[{"count":0,"href":"https:\/\/www.anofm.ro\/neamt\/wp-json\/wp\/v2\/posts\/182\/revisions"}],"wp:attachment":[{"href":"https:\/\/www.anofm.ro\/neamt\/wp-json\/wp\/v2\/media?parent=182"}],"wp:term":[{"taxonomy":"category","embeddable":true,"href":"https:\/\/www.anofm.ro\/neamt\/wp-json\/wp\/v2\/categories?post=182"},{"taxonomy":"post_tag","embeddable":true,"href":"https:\/\/www.anofm.ro\/neamt\/wp-json\/wp\/v2\/tags?post=182"}],"curies":[{"name":"wp","href":"https:\/\/api.w.org\/{rel}","templated":true}]}}