{"id":181,"date":"2022-02-11T00:00:00","date_gmt":"2022-02-10T22:00:00","guid":{"rendered":"https:\/\/www.anofm.ro\/neamt\/anunt-privind-organizarea-selectiei-pentru-ocuparea-a-2-experti-externi-in-echipa-de-implementare-din-cadrul-proiectului-cod-smis-125031-decide\/"},"modified":"2022-02-11T00:00:00","modified_gmt":"2022-02-10T22:00:00","slug":"anunt-privind-organizarea-selectiei-pentru-ocuparea-a-2-experti-externi-in-echipa-de-implementare-din-cadrul-proiectului-cod-smis-125031-decide","status":"publish","type":"post","link":"https:\/\/www.anofm.ro\/neamt\/anunt-privind-organizarea-selectiei-pentru-ocuparea-a-2-experti-externi-in-echipa-de-implementare-din-cadrul-proiectului-cod-smis-125031-decide\/","title":{"rendered":"ANUNT &#8211; privind organizarea selec\u021biei pentru ocuparea a 2 exper\u021bi externi \u00een echipa de implementare din cadrul proiectului Cod SMIS 125031 \u2013 \u201cDECIDE \u201d"},"content":{"rendered":"<p>ANUNT &#8211; privind organizarea selec\u021biei pentru ocuparea a 2 exper\u021bi externi \u00een echipa de implementare din cadrul proiectului Cod SMIS 125031 \u2013 \u201cDECIDE \u2013 Dezvoltare prin educa\u0163ie antreprenorial\u0103\u00a0 \u015fi cercetare inovativ\u0103 doctoral\u0103 \u015fi postdoctoral\u0103 \u201d<\/p>\n<div class=\"file-list-wrap\">\n<ul class=\"file-list\">\n<li><a href=\"\/upload2\/Neam\u021b\/19525\/ANUNT_DECIDE_02.2022.pdf\" download>ANUNT_DECIDE_02.2022.pdf<\/a><\/li>\n<li><a href=\"\/upload2\/Neam\u021b\/19525\/DECIDE_Tabel_nominal_-_interviu_-_02-2022.pdf\" download>DECIDE_Tabel_nominal_-_interviu_-_02-2022.pdf<\/a><\/li>\n<\/ul>\n<\/div>\n","protected":false},"excerpt":{"rendered":"<p>ANUNT &#8211; privind organizarea selec\u021biei pentru ocuparea a 2 exper\u021bi externi \u00een echipa de implementare din cadrul proiectului Cod SMIS 125031 \u2013 \u201cDECIDE \u2013 Dezvoltare prin educa\u0163ie antreprenorial\u0103  \u015fi cerc<\/p>\n","protected":false},"author":0,"featured_media":0,"comment_status":"closed","ping_status":"closed","sticky":false,"template":"","format":"standard","meta":{"footnotes":""},"categories":[7],"tags":[],"class_list":["post-181","post","type-post","status-publish","format-standard","hentry","category-cariera-profesionala"],"_links":{"self":[{"href":"https:\/\/www.anofm.ro\/neamt\/wp-json\/wp\/v2\/posts\/181","targetHints":{"allow":["GET"]}}],"collection":[{"href":"https:\/\/www.anofm.ro\/neamt\/wp-json\/wp\/v2\/posts"}],"about":[{"href":"https:\/\/www.anofm.ro\/neamt\/wp-json\/wp\/v2\/types\/post"}],"replies":[{"embeddable":true,"href":"https:\/\/www.anofm.ro\/neamt\/wp-json\/wp\/v2\/comments?post=181"}],"version-history":[{"count":0,"href":"https:\/\/www.anofm.ro\/neamt\/wp-json\/wp\/v2\/posts\/181\/revisions"}],"wp:attachment":[{"href":"https:\/\/www.anofm.ro\/neamt\/wp-json\/wp\/v2\/media?parent=181"}],"wp:term":[{"taxonomy":"category","embeddable":true,"href":"https:\/\/www.anofm.ro\/neamt\/wp-json\/wp\/v2\/categories?post=181"},{"taxonomy":"post_tag","embeddable":true,"href":"https:\/\/www.anofm.ro\/neamt\/wp-json\/wp\/v2\/tags?post=181"}],"curies":[{"name":"wp","href":"https:\/\/api.w.org\/{rel}","templated":true}]}}