{"id":180,"date":"2022-02-14T00:00:00","date_gmt":"2022-02-13T22:00:00","guid":{"rendered":"https:\/\/www.anofm.ro\/neamt\/locuri-de-munca-in-portugalia-prin-intermediul-retelei-eures-romania\/"},"modified":"2022-02-14T00:00:00","modified_gmt":"2022-02-13T22:00:00","slug":"locuri-de-munca-in-portugalia-prin-intermediul-retelei-eures-romania","status":"publish","type":"post","link":"https:\/\/www.anofm.ro\/neamt\/locuri-de-munca-in-portugalia-prin-intermediul-retelei-eures-romania\/","title":{"rendered":"Locuri de munc\u0103 \u00een Portugalia prin intermediul Re\u0163elei EURES Rom\u00e2nia"},"content":{"rendered":"<p class=\"MsoNormal\" align=\"center\" style=\"margin-left:0cm;text-align:center\"><b><span lang=\"FR\" style=\"font-size:14.0pt;line-height:115%\">Comunicat<br \/>\nde pres\u0103<\/span><\/b><\/p>\n<p class=\"MsoNormal\" align=\"center\" style=\"margin-left:0cm;text-align:center\"><b><span lang=\"RO\" style=\"font-size:12.0pt;line-height:115%\">Locuri<br \/>\nde munc\u0103 \u00een Portugalia<\/span><\/b><\/p>\n<p class=\"MsoNormal\" style=\"margin-left:0cm;text-indent:36.0pt\"><b><span lang=\"RO\" style=\"font-size:12.0pt;line-height:115%\">Angajatorul\u00a0 GREENPEAS\u00a0<br \/>\nENTERPRISE\u00a0 APS din Danemarca<\/span><\/b><span lang=\"RO\" style=\"font-size:12.0pt;line-height:115%\">, ofer\u0103, prin intermediul re\u0163elei EURES Rom\u00e2nia, 65<br \/>\nde locuri de munc\u0103 vacante pentru lucr\u0103tori \u00een agricultur\u0103 &#8211; culeg\u0103tori de<br \/>\nmaz\u0103re. Locul de munc\u0103 va fi la ferma din Vila Nova de Milfontes (Portugalia).<\/span><\/p>\n<p class=\"MsoNormal\" style=\"margin-left:0cm;text-indent:36.0pt\"><span lang=\"RO\" style=\"font-size:12.0pt;line-height:115%\">Angajatorul caut\u0103 persoane \u00eendem\u00e2natice la cules de maz\u0103re. Pot aplica \u0219i<br \/>\ncupluri. Se va munci \u00eentr-o ferm\u0103 unde majoritatea lucr\u0103torilor sunt din<br \/>\nRom\u00e2nia \u00eempreun\u0103 cu persoane din Portugalia. Compania promoveaz\u0103 respectul<br \/>\nreciproc, responsabilitatea \u0219i \u00eencrederea reciproc\u0103 \u00eentre lucr\u0103tori. Se \u00eencheie<br \/>\ncontract direct la ferm\u0103, f\u0103r\u0103 intermediari \u0219i f\u0103r\u0103 comisioane. Se acord\u0103<br \/>\nasisten\u021b\u0103 \u00een completarea \u0219i trimiterea actelor necesare pentru ob\u021binerea<br \/>\ndreptului de munc\u0103 \u00een Portugalia. Se asigur\u0103 transport s\u0103pt\u0103m\u00e2nal la<br \/>\ncump\u0103r\u0103turi cu autobuzele companiei. <\/span><\/p>\n<p class=\"MsoNormal\" style=\"margin-left:0cm;text-indent:36.0pt\"><b><span lang=\"RO\" style=\"font-size:12.0pt;line-height:115%\">Cerin\u021be:<\/span><\/b><span lang=\"RO\" style=\"font-size:12.0pt;line-height:115%\"> v\u00e2rsta minim\u0103 18 ani, condi\u021bie fizic\u0103 bun\u0103,<br \/>\nexperien\u021b\u0103 \u00een agricultur\u0103.<\/span><\/p>\n<p class=\"MsoNormal\" style=\"margin-left:0cm;text-indent:36.0pt\"><b><span lang=\"RO\" style=\"font-size:12.0pt;line-height:115%\">Nu sunt cerin\u021be<br \/>\nde limb\u0103 str\u0103in\u0103.<\/span><\/b><\/p>\n<p class=\"MsoNormal\" style=\"margin-left:0cm;text-indent:36.0pt\"><b><span lang=\"RO\" style=\"font-size:12.0pt;line-height:115%\">Plata muncii<\/span><\/b><span lang=\"RO\" style=\"font-size:12.0pt;line-height:115%\"> este \u00een func\u021bie de cantitatea culeas\u0103. Suma minim\u0103<br \/>\nde la care se porne\u0219te salarizarea este de 800 euro brut\/lun\u0103, un angajat mediu<br \/>\najunge la salariul de 1000-1400 de euro brut\/lun\u0103 pe c\u00e2nd un angajat foarte bun<br \/>\najunge la salariul de 1400-1700 euro brut\/lun\u0103. Salariul se acord\u0103 lunar. Se<br \/>\nacord\u0103 avans o dat\u0103 pe lun\u0103, se poate achita cash, se poate vira \u00een cont<br \/>\nbancar. Impozitul \u0219i contribu\u021biile sociale se vor deduce din salariu conform<br \/>\nlegisla\u021biei portugheze. De exemplu, la un salariu de 1500 euro brut\/lun\u0103 r\u0103m\u00e2ne<br \/>\nun net de aproximativ 1365 euro. <\/span><\/p>\n<p class=\"MsoNormal\" style=\"margin-left:0cm;text-indent:36.0pt\"><b><span lang=\"RO\" style=\"font-size:12.0pt;line-height:115%\">Cazarea<\/span><\/b><span lang=\"RO\" style=\"font-size:12.0pt;line-height:115%\"> se face \u00een case. Unele case au 3 camere, altele 6<br \/>\ncamere. Se cazeaz\u0103 de la 2 la 6 persoane \u00een camer\u0103. Angajatorul va depune<br \/>\neforturi s\u0103 asigure camere separate pentru cei care aplic\u0103 \u00een cuplu. Se asigur\u0103<br \/>\nacces la\u00a0 buc\u0103t\u0103rie complet mobilat\u0103<br \/>\n(frigidere, aragaze), sal\u0103 de mese,\u00a0 b\u0103i<br \/>\ncu du\u0219uri, masini de sp\u0103lat. B\u0103ile \u0219i buc\u0103t\u0103ria sunt comune. Contravaloarea<br \/>\ncaz\u0103rii se re\u021bine din salariu \u0219i este \u00eentre 110 \u015fi 150 euro\/lun\u0103. Asigurarea<br \/>\nmedical\u0103 este pl\u0103tit\u0103 de angajator. \u00a0\u00a0\u00a0\u00a0\u00a0\u00a0\u00a0\u00a0\u00a0 <b>Transportul<\/b><br \/>\nRom\u00e2nia \u2013 Portugalia\u00a0 este pl\u0103tit de<br \/>\nangajator. Transportul de la locul caz\u0103rii la locul de munc\u0103 \u00een Portugalia este<br \/>\nsuportat de angajator. Cei selecta\u021bi trebuie s\u0103 aduc\u0103 ustensile de buc\u0103t\u0103rie (oale,<br \/>\ntac\u00e2muri etc), s\u0103 aib\u0103 echipament de munc\u0103 (pentru toate tipurile de vreme,<br \/>\ninclusiv geac\u0103 de ploaie, cizme etc.) \u0219i s\u0103 aib\u0103 la ei o anumit\u0103 sum\u0103 de bani<br \/>\npentru a se putea \u00eentre\u021bine p\u00e2n\u0103 la primul avans. Cei selecta\u021bi trebuie s\u0103<br \/>\naduc\u0103 prosoape, lenjerie de pat, p\u0103tur\u0103 \u0219i pern\u0103. Mai multe informa\u021bii despre<br \/>\ncazare \u0219i transport se g\u0103sesc pe website-ul <\/span><a href=\"http:\/\/www.my-greenpeas.com\/\"><span lang=\"RO\" style=\"font-size:12.0pt;line-height:115%\">www.My-greenpeas.com<\/span><\/a><span lang=\"RO\" style=\"font-size:12.0pt;line-height:115%\">. Cei selecta\u021bi vor primi informa\u021bii detaliate<br \/>\nreferitoare la cardul european de s\u0103n\u0103tate, deducere de taxe etc., \u00eenainte de a<br \/>\npleca din Rom\u00e2nia.<\/span><\/p>\n<p class=\"MsoNormal\" style=\"margin-left:0cm;text-indent:36.0pt\"><b><span lang=\"RO\" style=\"font-size:12.0pt;line-height:115%\">Durata<br \/>\ncontractului:<\/span><\/b><span lang=\"RO\" style=\"font-size:12.0pt;line-height:115%\"> 15 martie 2022 &#8211; 31 mai 2022. Program<br \/>\nde lucru 40-50 de ore\/s\u0103pt\u0103m\u00e2n\u0103, 6 zile\/s\u0103pt\u0103m\u00e2n\u0103. De regul\u0103 se lucreaz\u0103 \u00een<br \/>\nintervalul orar 07-15.<\/span><\/p>\n<p class=\"MsoNormal\" style=\"margin-left:0cm;text-indent:36.0pt\"><span lang=\"RO\" style=\"font-size:12.0pt;line-height:115%\">Candida\u021bii trebuie s\u0103 trimit\u0103 un CV model EUROPASS, \u00een limba rom\u00e2n\u0103, pe<br \/>\nadresa de email: aam@greenpeas.dk. Informa\u021bii suplimentare se pot ob\u021bine la nr.<br \/>\nde telefon 004551501097 sau pe Facebook Andreea Motoc.\u00a0 Alte informa\u021bii\u00a0 se g\u0103sesc pe website-ul www.My-greenpeas.com.<br \/>\nPentru monitorizare, emailurile vor fi trimise \u0219i la barna.fuleki.ms@anofm.gov.ro.<\/span><\/p>\n<p class=\"MsoNormal\" style=\"margin-left:0cm;text-indent:36.0pt\"><span lang=\"RO\" style=\"font-size:12.0pt;line-height:115%\">Persoanele interesate s\u0103 ocupe un loc de munc\u0103 pot viziona oferta acces\u00e2nd<br \/>\n<\/span><a href=\"https:\/\/www.anofm.ro\/eures\/solicitanti.html\"><span lang=\"RO\" style=\"font-size:12.0pt;line-height:115%\">https:\/\/www.anofm.ro\/eures\/solicitanti.html<\/span><\/a><span lang=\"RO\" style=\"font-size:12.0pt;line-height:115%\">. Pentru detalii suplimentare cei interesa\u0163i se pot adresa consilierului<br \/>\nEURES din cadrul Agen\u0163iei Jude\u0163ene pentru Ocuparea For\u0163ei de Munc\u0103 Neam\u0163, telefon<br \/>\n0233\/219514.<\/span><\/p>\n<p class=\"MsoNormal\" style=\"margin-left:0cm;text-indent:36.0pt\"><b><span lang=\"RO\" style=\"font-size:12.0pt;line-height:115%\">Data limit\u0103 de<br \/>\n\u00eenscriere: 20.02.2022.<\/span><\/b><span lang=\"RO\"><\/span><\/p>\n<p class=\"MsoNormal\" style=\"margin: 0cm 0cm 0.0001pt 36pt;line-height: 150%;text-align: center\">\u00a0<span style=\"text-align: center;font-family:\">Agen\u0163ia Jude\u0163ean\u0103 pentru Ocuparea For\u0163ei de Munc\u0103 Neam\u021b<\/span><\/p>\n<p><span lang=\"RO\" style=\"font-size:11.0pt;line-height:115%;font-family:\"><\/p>\n<p><\/span><\/p>\n","protected":false},"excerpt":{"rendered":"<p>Locuri de munc\u0103 \u00een Portugalia prin intermediul Re\u0163elei EURES Rom\u00e2nia<\/p>\n","protected":false},"author":0,"featured_media":0,"comment_status":"closed","ping_status":"closed","sticky":false,"template":"","format":"standard","meta":{"footnotes":""},"categories":[9],"tags":[],"class_list":["post-180","post","type-post","status-publish","format-standard","hentry","category-comunicate-de-presa"],"_links":{"self":[{"href":"https:\/\/www.anofm.ro\/neamt\/wp-json\/wp\/v2\/posts\/180","targetHints":{"allow":["GET"]}}],"collection":[{"href":"https:\/\/www.anofm.ro\/neamt\/wp-json\/wp\/v2\/posts"}],"about":[{"href":"https:\/\/www.anofm.ro\/neamt\/wp-json\/wp\/v2\/types\/post"}],"replies":[{"embeddable":true,"href":"https:\/\/www.anofm.ro\/neamt\/wp-json\/wp\/v2\/comments?post=180"}],"version-history":[{"count":0,"href":"https:\/\/www.anofm.ro\/neamt\/wp-json\/wp\/v2\/posts\/180\/revisions"}],"wp:attachment":[{"href":"https:\/\/www.anofm.ro\/neamt\/wp-json\/wp\/v2\/media?parent=180"}],"wp:term":[{"taxonomy":"category","embeddable":true,"href":"https:\/\/www.anofm.ro\/neamt\/wp-json\/wp\/v2\/categories?post=180"},{"taxonomy":"post_tag","embeddable":true,"href":"https:\/\/www.anofm.ro\/neamt\/wp-json\/wp\/v2\/tags?post=180"}],"curies":[{"name":"wp","href":"https:\/\/api.w.org\/{rel}","templated":true}]}}