{"id":179,"date":"2022-02-14T00:00:00","date_gmt":"2022-02-13T22:00:00","guid":{"rendered":"https:\/\/www.anofm.ro\/neamt\/locuri-de-munca-in-danemarca-prin-intermediul-retelei-eures-romania\/"},"modified":"2022-02-14T00:00:00","modified_gmt":"2022-02-13T22:00:00","slug":"locuri-de-munca-in-danemarca-prin-intermediul-retelei-eures-romania","status":"publish","type":"post","link":"https:\/\/www.anofm.ro\/neamt\/locuri-de-munca-in-danemarca-prin-intermediul-retelei-eures-romania\/","title":{"rendered":"Locuri de munc\u0103 \u00een Danemarca prin intermediul Re\u0163elei EURES Rom\u00e2nia"},"content":{"rendered":"<p class=\"MsoNormal\" align=\"center\" style=\"margin-left:0cm;text-align:center\"><b><span lang=\"FR\" style=\"font-size:14.0pt;line-height:115%\">Comunicat<br \/>\nde pres\u0103<\/span><\/b><\/p>\n<p class=\"MsoNormal\" align=\"center\" style=\"margin-left:0cm;text-align:center\"><b><span lang=\"RO\" style=\"font-size:12.0pt;line-height:115%\">Locuri<br \/>\nde munc\u0103 \u00een Danemarca<\/span><\/b><\/p>\n<p class=\"MsoNormal\" style=\"margin-left:0cm;text-indent:36.0pt\"><b><span lang=\"RO\" style=\"font-size:12.0pt;line-height:115%\">Angajatorul\u00a0 GREENPEAS\u00a0<br \/>\nENTERPRISE\u00a0 APS<\/span><\/b><span lang=\"RO\" style=\"font-size:12.0pt;line-height:115%\">, ofer\u0103, prin intermediul re\u0163elei EURES Rom\u00e2nia, 100<br \/>\nde\u00a0 locuri de munc\u0103 vacante pentru<br \/>\nlucr\u0103tori \u00een agricultur\u0103 &#8211; culeg\u0103tori de maz\u0103re. Locul de munc\u0103 va fi pe insula<br \/>\nFunen (Fyn) din Danemarca, ferma din Industrivej 1 E, 5750, ora\u0219ul\u00a0 Ringe.<\/span><\/p>\n<p class=\"MsoNormal\" style=\"margin-left:0cm;text-indent:36.0pt\"><span lang=\"RO\" style=\"font-size:12.0pt;line-height:115%\">Angajatorul caut\u0103 persoane \u00eendem\u00e2natice la cules de maz\u0103re, c\u0103p\u015funi, porumb<br \/>\n\u015fi alte culturi. Cultura principal\u0103 este maz\u0103rea. Pot aplica \u0219i cupluri. Se va<br \/>\nmunci \u00eentr-o ferm\u0103 unde majoritatea lucr\u0103torilor sunt din Rom\u00e2nia \u00eempreun\u0103 cu<br \/>\npersoane din Danemarca, cu oportunit\u0103\u021bi de dezvoltare a abilit\u0103\u021bilor de munc\u0103<br \/>\n\u0219i socializare. Compania promoveaz\u0103 respectul reciproc, responsabilitatea \u0219i<br \/>\n\u00eencrederea reciproc\u0103 \u00eentre lucr\u0103tori. Se \u00eencheie contract direct la ferm\u0103, f\u0103r\u0103<br \/>\nintermediari \u0219i f\u0103r\u0103 comisioane. Se acord\u0103 asisten\u021b\u0103 \u00een completarea \u0219i<br \/>\ntrimiterea actelor necesare pentru ob\u021binerea dreptului de munc\u0103 \u00een Danemarca.<br \/>\nSe asigur\u0103 transport s\u0103pt\u0103m\u00e2nal la cump\u0103r\u0103turi cu autobuzele companiei. Exist\u0103<br \/>\nposibilitatea de a avansa \u00een diferite func\u021bii, ca supervisor, conduc\u0103tor de<br \/>\ncamion\/tractor etc. Exist\u0103 posibilitatea de prelungire a contractului pentru<br \/>\ncei care doresc s\u0103 lucreze \u0219i altfel de munci dup\u0103 terminarea sezonului de<br \/>\nmaz\u0103re.<\/span><\/p>\n<p class=\"MsoNormal\" style=\"margin-left:0cm;text-indent:36.0pt\"><b><span lang=\"RO\" style=\"font-size:12.0pt;line-height:115%\">Cerin\u021be:<\/span><\/b><span lang=\"RO\" style=\"font-size:12.0pt;line-height:115%\"> v\u00e2rsta minim\u0103 18 ani, condi\u021bie fizic\u0103 bun\u0103,<br \/>\nexperien\u021b\u0103 \u00een agricultur\u0103.<\/span><\/p>\n<p class=\"MsoNormal\" style=\"margin-left:0cm;text-indent:36.0pt\"><b><span lang=\"RO\" style=\"font-size:12.0pt;line-height:115%\">Nu sunt cerin\u021be<br \/>\nde limb\u0103 str\u0103in\u0103.<\/span><\/b><\/p>\n<p class=\"MsoNormal\" style=\"margin-left:0cm;text-indent:36.0pt\"><b><span lang=\"RO\" style=\"font-size:12.0pt;line-height:115%\">Plata muncii<\/span><\/b><span lang=\"RO\" style=\"font-size:12.0pt;line-height:115%\"> este \u00een func\u021bie de cantitatea culeas\u0103. Salariul<br \/>\npoate ajunge p\u00e2n\u0103 la 2000-2500 euro brut\/lun\u0103. Salariul se acord\u0103 lunar. Se<br \/>\nacord\u0103 avans s\u0103pt\u0103m\u00e2nal, se poate achita cash, se poate vira \u00een cont bancar. Impozitul<br \/>\n\u0219i contribu\u021biile sociale se vor deduce din salariu conform legisla\u021biei daneze.<br \/>\nDe exemplu, la un salariu de 2000 euro brut\/lun\u0103 r\u0103m\u00e2ne un net de<br \/>\naproximativ\u00a0 1600 euro. Se ofer\u0103 un bonus<br \/>\n12,5% la totalul salariului, acesta reprezint\u0103 bani de concediu conform<br \/>\nlegisla\u021biei daneze. Mai multe informa\u021bii despre impozite: http:\/\/www.skat.dk.<\/span><\/p>\n<p class=\"MsoNormal\" style=\"margin-left:0cm;text-indent:36.0pt\"><b><span lang=\"RO\" style=\"font-size:12.0pt;line-height:115%\">Cazarea<\/span><\/b><span lang=\"RO\" style=\"font-size:12.0pt;line-height:115%\"> se face \u00een rulote. Fiecare rulot\u0103 are 4 camere, iar<br \/>\n\u00een fiecare camer\u0103 stau 2 persoane, rulota este echipat\u0103 cu baie \u0219i toalet\u0103. \u00cen<br \/>\ncamping sunt disponibile separat de rulote: buc\u0103t\u0103rie complet mobilat\u0103<br \/>\n(frigidere, aragaze), sala de mese, extra b\u0103i cu du\u0219uri, ma\u0219ini de sp\u0103lat, TV,<br \/>\ninternet wireless. Taxa de cazare este de 9 euro\/zi cu toate utilit\u0103\u021bile<br \/>\nincluse. Taxa de cazare se re\u021bine din salariu la plecare. Asigurarea medical\u0103<br \/>\neste pl\u0103tit\u0103 de angajator. <\/span><\/p>\n<p class=\"MsoNormal\" style=\"margin-left:0cm;text-indent:36.0pt\"><b><span lang=\"RO\" style=\"font-size:12.0pt;line-height:115%\">Transportul<\/span><\/b><span lang=\"RO\" style=\"font-size:12.0pt;line-height:115%\"> Rom\u00e2nia \u2013 Danemarca este pl\u0103tit de angajat.<br \/>\nTransportul de la locul caz\u0103rii la locul de munc\u0103 \u00een Danemarca este suportat de<br \/>\nangajat \u0219i cost\u0103 2,5 euro\/zi. Op\u021bional lucr\u0103torii pot s\u0103 \u00ee\u0219i aleag\u0103 alt mijloc<br \/>\nde transport la locul de munc\u0103, \u00ee\u0219i pot aduce ma\u0219inile personale. Cei selecta\u021bi<br \/>\ntrebuie s\u0103 aduc\u0103 ustensile de buc\u0103t\u0103rie (oale, tac\u00e2muri etc.), s\u0103 aib\u0103<br \/>\nechipament de munc\u0103 (inclusiv geac\u0103 de ploaie, cizme etc.) \u0219i s\u0103 aib\u0103 la ei o<br \/>\nanumit\u0103 sum\u0103 de bani pentru a putea cump\u0103ra de m\u00e2ncare p\u00e2n\u0103 la primul salariu.<br \/>\nMai multe informa\u021bii despre cazare \u0219i transport se g\u0103sesc pe website-ul <\/span><a href=\"http:\/\/www.my-greenpeas.com\/\"><span lang=\"RO\" style=\"font-size:12.0pt;line-height:115%\">www.My-greenpeas.com<\/span><\/a><span lang=\"RO\" style=\"font-size:12.0pt;line-height:115%\">. Cei selecta\u021bi vor primi informa\u021bii detaliate<br \/>\nreferitoare la cardul european de s\u0103n\u0103tate, deducere de taxe etc., \u00eenainte de a<br \/>\npleca din Rom\u00e2nia.<\/span><\/p>\n<p class=\"MsoNormal\" style=\"margin-left:0cm;text-indent:36.0pt\"><b><span lang=\"RO\" style=\"font-size:12.0pt;line-height:115%\">Durata<br \/>\ncontractului:<\/span><\/b><span lang=\"RO\" style=\"font-size:12.0pt;line-height:115%\"> iunie &#8211; septembrie 2022. Program<br \/>\nde lucru 40-50 de ore\/s\u0103pt\u0103m\u00e2n\u0103, 6 zile\/s\u0103pt\u0103m\u00e2n\u0103. De regul\u0103 se lucreaz\u0103 \u00een<br \/>\nintervalul orar 07-15.<\/span><\/p>\n<p class=\"MsoNormal\" style=\"margin-left:0cm;text-indent:36.0pt\"><span lang=\"RO\" style=\"font-size:12.0pt;line-height:115%\">Candida\u021bii trebuie s\u0103 trimit\u0103 un CV model EUROPASS, \u00een limba rom\u00e2n\u0103, pe<br \/>\nadresa de email: aam@greenpeas.dk. Informa\u021bii suplimentare se pot ob\u021bine la nr.<br \/>\nde telefon 004551501097 sau pe Facebook Andreea Motoc.\u00a0 Alte informa\u021bii\u00a0 se g\u0103sesc pe website-ul www.My-greenpeas.com.<br \/>\nPentru monitorizare, emailurile vor fi trimise \u0219i la<br \/>\nbarna.fuleki.ms@anofm.gov.ro.<\/span><\/p>\n<p class=\"MsoNormal\" style=\"margin-left:0cm;text-indent:36.0pt\"><span lang=\"RO\" style=\"font-size:12.0pt;line-height:115%\">Persoanele interesate s\u0103 ocupe un loc de munc\u0103 pot viziona oferta acces\u00e2nd<br \/>\n<\/span><a href=\"https:\/\/www.anofm.ro\/eures\/solicitanti.html\"><span lang=\"RO\" style=\"font-size:12.0pt;line-height:115%\">https:\/\/www.anofm.ro\/eures\/solicitanti.html<\/span><\/a><span lang=\"RO\" style=\"font-size:12.0pt;line-height:115%\">. Pentru detalii suplimentare cei interesa\u0163i se pot adresa consilierului<br \/>\nEURES din cadrul Agen\u0163iei Jude\u0163ene pentru Ocuparea For\u0163ei de Munc\u0103 Neam\u0163, telefon<br \/>\n0233\/219514.<\/span><\/p>\n<p class=\"MsoNormal\" style=\"margin-left:0cm;text-indent:36.0pt\"><b><span lang=\"RO\" style=\"font-size:12.0pt;line-height:115%\">Data limit\u0103 de \u00eenscriere:<br \/>\n20.02.2022.<\/span><\/b><span lang=\"RO\"><\/span><\/p>\n<p class=\"MsoNormal\" style=\"margin-top:0cm;margin-right:0cm;margin-bottom:0cm;margin-left:36.0pt;margin-bottom:.0001pt;line-height:150%\">\u00a0\u00a0\u00a0\u00a0\u00a0\u00a0\u00a0\u00a0\u00a0\u00a0\u00a0\u00a0\u00a0\u00a0\u00a0\u00a0\u00a0\u00a0\u00a0\u00a0\u00a0\u00a0\u00a0\u00a0\u00a0\u00a0\u00a0\u00a0 <\/p>\n<p><span style=\"font-size:11.0pt;line-height:115%;font-family:\">\u00a0\u00a0\u00a0\u00a0\u00a0\u00a0\u00a0\u00a0\u00a0\u00a0\u00a0\u00a0\u00a0\u00a0\u00a0 \u00a0 Agen<\/span><span lang=\"RO\" style=\"font-size:11.0pt;line-height:115%;font-family:\">\u0163ia Jude\u0163ean\u0103 pentru Ocuparea For\u0163ei de Munc\u0103 Neam\u021b<\/span><\/p>\n","protected":false},"excerpt":{"rendered":"<p>Locuri de munc\u0103 \u00een Danemarca prin intermediul Re\u0163elei EURES Rom\u00e2nia<\/p>\n","protected":false},"author":0,"featured_media":0,"comment_status":"closed","ping_status":"closed","sticky":false,"template":"","format":"standard","meta":{"footnotes":""},"categories":[9],"tags":[],"class_list":["post-179","post","type-post","status-publish","format-standard","hentry","category-comunicate-de-presa"],"_links":{"self":[{"href":"https:\/\/www.anofm.ro\/neamt\/wp-json\/wp\/v2\/posts\/179","targetHints":{"allow":["GET"]}}],"collection":[{"href":"https:\/\/www.anofm.ro\/neamt\/wp-json\/wp\/v2\/posts"}],"about":[{"href":"https:\/\/www.anofm.ro\/neamt\/wp-json\/wp\/v2\/types\/post"}],"replies":[{"embeddable":true,"href":"https:\/\/www.anofm.ro\/neamt\/wp-json\/wp\/v2\/comments?post=179"}],"version-history":[{"count":0,"href":"https:\/\/www.anofm.ro\/neamt\/wp-json\/wp\/v2\/posts\/179\/revisions"}],"wp:attachment":[{"href":"https:\/\/www.anofm.ro\/neamt\/wp-json\/wp\/v2\/media?parent=179"}],"wp:term":[{"taxonomy":"category","embeddable":true,"href":"https:\/\/www.anofm.ro\/neamt\/wp-json\/wp\/v2\/categories?post=179"},{"taxonomy":"post_tag","embeddable":true,"href":"https:\/\/www.anofm.ro\/neamt\/wp-json\/wp\/v2\/tags?post=179"}],"curies":[{"name":"wp","href":"https:\/\/api.w.org\/{rel}","templated":true}]}}