{"id":178,"date":"2022-02-14T00:00:00","date_gmt":"2022-02-13T22:00:00","guid":{"rendered":"https:\/\/www.anofm.ro\/neamt\/vrei-sa-traiesti-si-sa-muncesti-in-irlanda-2-martie-2022-ziua-informarii-eures-conditii-de-munca-si-de-viata-in-irlanda\/"},"modified":"2022-02-14T00:00:00","modified_gmt":"2022-02-13T22:00:00","slug":"vrei-sa-traiesti-si-sa-muncesti-in-irlanda-2-martie-2022-ziua-informarii-eures-conditii-de-munca-si-de-viata-in-irlanda","status":"publish","type":"post","link":"https:\/\/www.anofm.ro\/neamt\/vrei-sa-traiesti-si-sa-muncesti-in-irlanda-2-martie-2022-ziua-informarii-eures-conditii-de-munca-si-de-viata-in-irlanda\/","title":{"rendered":"Vrei s\u0103 tr\u0103ie\u015fti \u015fi s\u0103 munce\u015fti \u00een Irlanda? 2 martie 2022 &#8211; Ziua inform\u0103rii EURES &#8211; Condi\u0163ii de munc\u0103 \u015fi de via\u0163\u0103 \u00een Irlanda"},"content":{"rendered":"<p class=\"MsoNormal\">EURES Rom\u00e2nia \u015fi EURES Irlanda organizeaza online in data de<br \/>\n2 martie 2022, activitatea &#8222;Ziua inform\u0103rii EURES &#8211; Condi\u0163ii de munc\u0103 \u015fi<br \/>\nde via\u0163\u0103 \u00een Irlanda&#8221;<\/p>\n<p class=\"MsoNormal\">Evenimentul are strict caracter de informare, nu este o<br \/>\nburs\u0103 online a locurilor de munc\u0103 \u015fi se va desfasura pe platforma European Job<br \/>\nDays.<\/p>\n<p class=\"MsoNormal\">Participarea la eveniment este gratuit\u0103.<\/p>\n<div class=\"file-list-wrap\">\n<ul class=\"file-list\">\n<li><a href=\"\/upload2\/Neam\u021b\/19489\/Living_and_Working_in_Ireland_EOJD_-_invitatie_catre_PCLM__finala_RO.pdf\" download>Living_and_Working_in_Ireland_EOJD_-_invitatie_catre_PCLM__finala_RO.pdf<\/a><\/li>\n<\/ul>\n<\/div>\n","protected":false},"excerpt":{"rendered":"<p>Vrei s\u0103 tr\u0103ie\u015fti \u015fi s\u0103 munce\u015fti \u00een Irlanda? 2 martie 2022 &#8211; Ziua inform\u0103rii EURES &#8211; Condi\u0163ii de munc\u0103 \u015fi de via\u0163\u0103 \u00een Irlanda<\/p>\n","protected":false},"author":0,"featured_media":0,"comment_status":"closed","ping_status":"closed","sticky":false,"template":"","format":"standard","meta":{"footnotes":""},"categories":[9],"tags":[],"class_list":["post-178","post","type-post","status-publish","format-standard","hentry","category-comunicate-de-presa"],"_links":{"self":[{"href":"https:\/\/www.anofm.ro\/neamt\/wp-json\/wp\/v2\/posts\/178","targetHints":{"allow":["GET"]}}],"collection":[{"href":"https:\/\/www.anofm.ro\/neamt\/wp-json\/wp\/v2\/posts"}],"about":[{"href":"https:\/\/www.anofm.ro\/neamt\/wp-json\/wp\/v2\/types\/post"}],"replies":[{"embeddable":true,"href":"https:\/\/www.anofm.ro\/neamt\/wp-json\/wp\/v2\/comments?post=178"}],"version-history":[{"count":0,"href":"https:\/\/www.anofm.ro\/neamt\/wp-json\/wp\/v2\/posts\/178\/revisions"}],"wp:attachment":[{"href":"https:\/\/www.anofm.ro\/neamt\/wp-json\/wp\/v2\/media?parent=178"}],"wp:term":[{"taxonomy":"category","embeddable":true,"href":"https:\/\/www.anofm.ro\/neamt\/wp-json\/wp\/v2\/categories?post=178"},{"taxonomy":"post_tag","embeddable":true,"href":"https:\/\/www.anofm.ro\/neamt\/wp-json\/wp\/v2\/tags?post=178"}],"curies":[{"name":"wp","href":"https:\/\/api.w.org\/{rel}","templated":true}]}}