{"id":165,"date":"2021-08-18T00:00:00","date_gmt":"2021-08-17T21:00:00","guid":{"rendered":"https:\/\/www.anofm.ro\/neamt\/anunt-selectie-de-oferte-prestari-servicii-programe-de-formare-profesionala-a-adultilor-operator-introducere-validare-si-prelucrare-date\/"},"modified":"2021-08-18T00:00:00","modified_gmt":"2021-08-17T21:00:00","slug":"anunt-selectie-de-oferte-prestari-servicii-programe-de-formare-profesionala-a-adultilor-operator-introducere-validare-si-prelucrare-date","status":"publish","type":"post","link":"https:\/\/www.anofm.ro\/neamt\/anunt-selectie-de-oferte-prestari-servicii-programe-de-formare-profesionala-a-adultilor-operator-introducere-validare-si-prelucrare-date\/","title":{"rendered":"Anun\u0163 selec\u0163ie de oferte prest\u0103ri servicii programe de formare profesional\u0103 a adul\u0163ilor &#8211; &#8222;Operator introducere, validare \u015fi prelucrare date&#8221;"},"content":{"rendered":"<p class=\"MsoNormal\" style=\"text-align:justify\"><span lang=\"FR\" style=\"font-size:10.0pt;font-family:\">AGEN\u0162IA<br \/>\nJUDETEAN\u0102 PENTRU OCUPAREA FOR\u0162EI DE MUNC\u0102\u00a0<br \/>\nNeam\u0163, cu sediul \u00een Piatra Neam\u0163, str. Privighetorii,\u00a0 Bl. B13, parter, cod fiscal 11335273, Tel.<br \/>\n0233 \u2013237780\/237781, Fax. 0233 -213424, anun\u0163\u0103 organizarea unei selec\u0163ii de<br \/>\noferte \u00een vederea atribuirii urm\u0103toarelor <b>contracte de \u201cprest\u0103ri servicii<br \/>\nasigurare formatori\u201d \u015fi \u201cprest\u0103ri servicii instruire teoretic\u0103 \/ practic\u0103\u201d, <\/b>cod<br \/>\nCPV 80530000-8:<\/span><\/p>\n<p class=\"MsoBodyText2\"><span lang=\"FR\" style=\"font-size: 10pt;font-family:\">\u00a0<\/span><span lang=\"IT\" style=\"font-size: 10pt;font-family:\">&#8211; <span style=\"color:red\">Operator introducere, validare \u015fi prelucrare date<\/span> \u2013 <\/span><i><span lang=\"IT\" style=\"font-size: 10pt;font-family:\">1 program \u00een zona <\/span><\/i><i><span lang=\"IT\" style=\"font-size:10.0pt;font-family:\">Piatra Neam\u0163<\/span><\/i><i><span lang=\"IT\" style=\"font-size: 10pt;font-family:\"> \u015fi 1<br \/>\nprogram \u00een zona <\/span><\/i><i><span lang=\"IT\" style=\"font-size:10.0pt;font-family:\">Roman<\/span><\/i><\/p>\n<p class=\"MsoBodyText2\" style=\"margin-left:36.0pt\"><i><span lang=\"IT\" style=\"font-size: 10pt;font-family:\">\u00a0<\/span><\/i><\/p>\n<p class=\"MsoBodyText2\"><span lang=\"IT\" style=\"font-size: 10pt;font-family:\">Pentru participarea la sedin\u0163a<br \/>\nde atribuire a contractelor de \u201cprest\u0103ri servicii asigurare formatori\u201d \u015fi<br \/>\n\u201cprest\u0103ri servicii instruire teoretic\u0103 \/ practic\u0103\u201d pot depune oferte persoanele<br \/>\nfizice \u015fi juridice care au \u00een obiectul de activitate\u00a0 \u201c<\/span><span lang=\"IT\" style=\"font-size:10.0pt;font-family:\">alte forme de<br \/>\ninvatamint<\/span><span lang=\"IT\" style=\"font-size: 10pt;font-family:\">\u201d, cod <\/span><span lang=\"IT\" style=\"font-size:10.0pt;font-family:\">CAEN 8559<\/span><span lang=\"IT\" style=\"font-size: 10pt;font-family:\">, precum \u015fi persoane fizice neautorizate cu preg\u0103tire<br \/>\npedagogic\u0103 specific\u0103 form\u0103rii profesionale a adul\u0163ilor.<\/span><\/p>\n<p class=\"MsoBodyText2\"><span lang=\"IT\" style=\"font-size: 10pt;font-family:\">Persoanele<br \/>\nfizice \u015fi juridice sus-men\u0163ionate trebuie s\u0103 fie autorizate ca furnizor de<br \/>\nformare profesional\u0103 a adul\u0163ilor pentru ocupa\u0163ia pentru care depun oferta.<\/span><\/p>\n<p class=\"MsoBodyTextIndent2\" style=\"text-indent:0cm\"><span lang=\"FR\" style=\"font-size: 10pt;font-family:\">Criteriul stabilit<\/span><span lang=\"FR\" style=\"font-size: 10pt;font-family:\"> pentru atribuirea contractelor<br \/>\nde \u00ab\u00a0prest\u0103ri servicii asigurare formatori\u00a0\u00bb \u015fi \u00ab\u00a0prest\u0103ri servicii<br \/>\nde instruire teoretic\u0103 \/ practic\u0103\u00a0\u00bb este\u00a0\u00ab\u00a0pre\u0163ul cel mai sc\u0103zut\u00a0\u00bb.<\/span><\/p>\n<p class=\"MsoBodyTextIndent2\"><span style=\"font-family:\">Finan\u0163area contractelor ce urmeaz\u0103 a fi atribuite se<br \/>\nface din Bugetul asigur\u0103rilor de \u015fomaj.<\/span><\/p>\n<p class=\"MsoBodyTextIndent2\" style=\"text-indent:0cm\"><span lang=\"IT\" style=\"font-size: 10pt;font-family:\">Pentru elaborarea ofertelor se<span style=\"color:red\"> <\/span>vor<br \/>\nrespecta cerin\u0163ele din caietele de sarcini, care se ob\u0163in de la sediul autorit\u0103\u0163ii<br \/>\ncontractante.<b><\/b><\/span><\/p>\n<p class=\"MsoNormal\" style=\"text-align:justify\"><b><span lang=\"IT\" style=\"font-size:10.0pt;font-family:\">Ofertele se depun la sediul Agen\u0163iei Jude\u0163ene pentru Ocuparea For\u0163ei de<br \/>\nMunc\u0103 Neam\u0163, strada Privighetorii, Bloc B13, parter, p\u00e2n\u0103 la data limit\u0103 de <span style=\"color:red\">24.08.2021, ora 12<sup>00<\/sup><sub>.<\/sub><\/span><\/span><\/b><\/p>\n<p class=\"MsoNormal\" style=\"text-align:justify;text-indent:35.4pt\"><b><sup><span lang=\"IT\" style=\"font-size:10.0pt;font-family:\">\u00a0<\/span><\/sup><\/b><\/p>\n<p class=\"MsoNormal\" style=\"text-align:justify\"><span lang=\"IT\" style=\"font-size:10.0pt;font-family:\">Persoanele<br \/>\nfizice \u015fi juridice interesate \u00een contractarea serviciilor pentru mai multe<br \/>\nprograme \u00een aceea\u015fi ocupa\u0163ie, trebuie s\u0103 depun\u0103 oferta pentru fiecare program<br \/>\nde formare profesional\u0103 organizat \u00een ocupa\u0163ia respectiv\u0103 .<\/span><\/p>\n<p><span lang=\"IT\" style=\"font-size:10.0pt;font-family:\">Informa\u0163ii<br \/>\nsuplimentare se pot ob\u0163ine la Centrul de Formare Profesional\u0103, din Piatra Neam\u0163,<br \/>\nPia\u0163a Mihail Kog\u0103lniceanu, nr. M3, telefon 0233 210760; 0725 000247.<\/span><\/p>\n","protected":false},"excerpt":{"rendered":"<p>Anun\u0163 selec\u0163ie de oferte prest\u0103ri servicii programe de formare profesional\u0103 a adul\u0163ilor &#8211; &#8222;Operator introducere, validare \u015fi prelucrare date&#8221;<\/p>\n","protected":false},"author":0,"featured_media":0,"comment_status":"closed","ping_status":"closed","sticky":false,"template":"","format":"standard","meta":{"footnotes":""},"categories":[4],"tags":[],"class_list":["post-165","post","type-post","status-publish","format-standard","hentry","category-anunturi-diverse"],"_links":{"self":[{"href":"https:\/\/www.anofm.ro\/neamt\/wp-json\/wp\/v2\/posts\/165","targetHints":{"allow":["GET"]}}],"collection":[{"href":"https:\/\/www.anofm.ro\/neamt\/wp-json\/wp\/v2\/posts"}],"about":[{"href":"https:\/\/www.anofm.ro\/neamt\/wp-json\/wp\/v2\/types\/post"}],"replies":[{"embeddable":true,"href":"https:\/\/www.anofm.ro\/neamt\/wp-json\/wp\/v2\/comments?post=165"}],"version-history":[{"count":0,"href":"https:\/\/www.anofm.ro\/neamt\/wp-json\/wp\/v2\/posts\/165\/revisions"}],"wp:attachment":[{"href":"https:\/\/www.anofm.ro\/neamt\/wp-json\/wp\/v2\/media?parent=165"}],"wp:term":[{"taxonomy":"category","embeddable":true,"href":"https:\/\/www.anofm.ro\/neamt\/wp-json\/wp\/v2\/categories?post=165"},{"taxonomy":"post_tag","embeddable":true,"href":"https:\/\/www.anofm.ro\/neamt\/wp-json\/wp\/v2\/tags?post=165"}],"curies":[{"name":"wp","href":"https:\/\/api.w.org\/{rel}","templated":true}]}}