{"id":151,"date":"2021-01-27T00:00:00","date_gmt":"2021-01-26T22:00:00","guid":{"rendered":"https:\/\/www.anofm.ro\/neamt\/reconect-adaptare-la-schimbare-mecanism-integrat-de-anticipare-monitorizare-evaluare-a-pietei-muncii-si-educatiei\/"},"modified":"2021-01-27T00:00:00","modified_gmt":"2021-01-26T22:00:00","slug":"reconect-adaptare-la-schimbare-mecanism-integrat-de-anticipare-monitorizare-evaluare-a-pietei-muncii-si-educatiei","status":"publish","type":"post","link":"https:\/\/www.anofm.ro\/neamt\/reconect-adaptare-la-schimbare-mecanism-integrat-de-anticipare-monitorizare-evaluare-a-pietei-muncii-si-educatiei\/","title":{"rendered":"ReCONECT &#8211; Adaptare la Schimbare &#8211; Mecanism Integrat de Anticipare, Monitorizare, Evaluare a Pie\u021bei Muncii \u0219i Educa\u021biei"},"content":{"rendered":"<p>Agen\u021bia Na\u021bional\u0103 pentru Ocuparea For\u021bei de Munc\u0103 implementeaz\u0103, pe durata a 24 luni, proiectul &#8222;ReCONECT &#8211; Adaptare la Schimbare &#8211; Mecanism Integrat de Anticipare, Monitorizare, Evaluare a Pie\u021bei Muncii \u0219i Educa\u021biei&#8221;, cofinan\u021bat din Fondul Social European prin Programul Opera\u021bional Capital Uman 2014-2020, axa prioritar\u0103 3 &#8211; Locuri de munc\u0103 pentru to\u021bi.<\/p>\n<p>Parteneriatul proiectului:<\/p>\n<p>&#8211; Ministerul Muncii \u0219i Protec\u021biei Sociale &#8211; MMPS<\/p>\n<p>&#8211; Institutul Na\u021bional de Cercetare \u0218tiin\u021bific\u0103 \u00een Domeniul Muncii \u0219i Protec\u021biei Sociale &#8211; INCSMPS<\/p>\n<p>&#8211; Centru Na\u021bional de Dezvoltare a \u00cenv\u0103\u021b\u0103m\u00e2ntului Profesional \u0219i Tehnic &#8211; CNDIPT<\/p>\n<p>&#8211; Ministerul Educa\u021biei \u0219i Cercet\u0103rii &#8211; MEC<\/p>\n<p>&#8211; Unitatea Executiv\u0103 pentru Finan\u021barea \u00cenv\u0103\u021b\u0103m\u00e2ntului Superior, a Cercet\u0103rii, Dezvolt\u0103rii \u0219i Inov\u0103rii \/ Centrul pentru Politici Publice \u00een \u00cenv\u0103\u021b\u0103m\u00e2ntul Superior, \u0218tiin\u021b\u0103, Inovare \u0219i Antreprenoriat &#8211; UEFISCDI<\/p>\n<p><a target=\"_blank\" href=\"\/upload\/15259\/informare_Reconect_ian2020.pdf\" rel=\"noopener\">Informare proiect ReCONECT<\/a><\/p><\/p>\n","protected":false},"excerpt":{"rendered":"<p>ReCONECT &#8211; Adaptare la Schimbare &#8211; Mecanism Integrat de Anticipare, Monitorizare, Evaluare a Pie\u021bei Muncii \u0219i Educa\u021biei<\/p>\n","protected":false},"author":0,"featured_media":0,"comment_status":"closed","ping_status":"closed","sticky":false,"template":"","format":"standard","meta":{"footnotes":""},"categories":[20],"tags":[],"class_list":["post-151","post","type-post","status-publish","format-standard","hentry","category-proiecte"],"_links":{"self":[{"href":"https:\/\/www.anofm.ro\/neamt\/wp-json\/wp\/v2\/posts\/151","targetHints":{"allow":["GET"]}}],"collection":[{"href":"https:\/\/www.anofm.ro\/neamt\/wp-json\/wp\/v2\/posts"}],"about":[{"href":"https:\/\/www.anofm.ro\/neamt\/wp-json\/wp\/v2\/types\/post"}],"replies":[{"embeddable":true,"href":"https:\/\/www.anofm.ro\/neamt\/wp-json\/wp\/v2\/comments?post=151"}],"version-history":[{"count":0,"href":"https:\/\/www.anofm.ro\/neamt\/wp-json\/wp\/v2\/posts\/151\/revisions"}],"wp:attachment":[{"href":"https:\/\/www.anofm.ro\/neamt\/wp-json\/wp\/v2\/media?parent=151"}],"wp:term":[{"taxonomy":"category","embeddable":true,"href":"https:\/\/www.anofm.ro\/neamt\/wp-json\/wp\/v2\/categories?post=151"},{"taxonomy":"post_tag","embeddable":true,"href":"https:\/\/www.anofm.ro\/neamt\/wp-json\/wp\/v2\/tags?post=151"}],"curies":[{"name":"wp","href":"https:\/\/api.w.org\/{rel}","templated":true}]}}