{"id":142,"date":"2020-09-18T00:00:00","date_gmt":"2020-09-17T21:00:00","guid":{"rendered":"https:\/\/www.anofm.ro\/neamt\/anunt-concurs-examen-de-promovare-in-grad-profesional-pentru-salariatii-din-cadrul-ajofm-neamt\/"},"modified":"2020-09-18T00:00:00","modified_gmt":"2020-09-17T21:00:00","slug":"anunt-concurs-examen-de-promovare-in-grad-profesional-pentru-salariatii-din-cadrul-ajofm-neamt","status":"publish","type":"post","link":"https:\/\/www.anofm.ro\/neamt\/anunt-concurs-examen-de-promovare-in-grad-profesional-pentru-salariatii-din-cadrul-ajofm-neamt\/","title":{"rendered":"Anun\u021b concurs\/examen de promovare \u00een grad profesional pentru salaria\u021bii din cadrul AJOFM Neam\u021b"},"content":{"rendered":"<p><a target=\"_blank\" href=\"\/upload\/14028\/ANUNT_CONCURS_Promovare.pdf\" rel=\"noopener\"><span lang=\"PT-BR\" style=\"font-size:10.0pt;line-height:115%;font-family:\">Agen\u0163ia Jude\u0163ean<\/span><span lang=\"RO\" style=\"font-size:10.0pt;line-height:115%;font-family:\">\u0103<\/span><span lang=\"PT-BR\" style=\"font-size:10.0pt;line-height:115%;font-family:\"> Pentru Ocuparea For\u0163ei de Munc\u0103 Neam\u0163,<br \/>\norganizeaz\u0103 <b>concurs\/examen de promovare<br \/>\nin grad profesional<\/b><\/span><span lang=\"RO\" style=\"font-size:10.0pt;line-height:115%;font-family:\"> pentru salariatii din cadrul AJOFM Neam\u021b, ce se va<br \/>\ndesf\u0103sura \u00een zilele de 19.10.2020 selectie dosare \u0219i 21.10.2020, proba interviu.<\/span><\/a><\/p>\n","protected":false},"excerpt":{"rendered":"<p>Anun\u021b concurs\/examen de promovare \u00een grad profesional pentru salaria\u021bii din cadrul AJOFM Neam\u021b<\/p>\n","protected":false},"author":0,"featured_media":0,"comment_status":"closed","ping_status":"closed","sticky":false,"template":"","format":"standard","meta":{"footnotes":""},"categories":[7],"tags":[],"class_list":["post-142","post","type-post","status-publish","format-standard","hentry","category-cariera-profesionala"],"_links":{"self":[{"href":"https:\/\/www.anofm.ro\/neamt\/wp-json\/wp\/v2\/posts\/142","targetHints":{"allow":["GET"]}}],"collection":[{"href":"https:\/\/www.anofm.ro\/neamt\/wp-json\/wp\/v2\/posts"}],"about":[{"href":"https:\/\/www.anofm.ro\/neamt\/wp-json\/wp\/v2\/types\/post"}],"replies":[{"embeddable":true,"href":"https:\/\/www.anofm.ro\/neamt\/wp-json\/wp\/v2\/comments?post=142"}],"version-history":[{"count":0,"href":"https:\/\/www.anofm.ro\/neamt\/wp-json\/wp\/v2\/posts\/142\/revisions"}],"wp:attachment":[{"href":"https:\/\/www.anofm.ro\/neamt\/wp-json\/wp\/v2\/media?parent=142"}],"wp:term":[{"taxonomy":"category","embeddable":true,"href":"https:\/\/www.anofm.ro\/neamt\/wp-json\/wp\/v2\/categories?post=142"},{"taxonomy":"post_tag","embeddable":true,"href":"https:\/\/www.anofm.ro\/neamt\/wp-json\/wp\/v2\/tags?post=142"}],"curies":[{"name":"wp","href":"https:\/\/api.w.org\/{rel}","templated":true}]}}