{"id":133,"date":"2020-08-14T00:00:00","date_gmt":"2020-08-13T21:00:00","guid":{"rendered":"https:\/\/www.anofm.ro\/neamt\/informatii-utile-privind-utilizarea-comunicarii-electronice\/"},"modified":"2020-08-14T00:00:00","modified_gmt":"2020-08-13T21:00:00","slug":"informatii-utile-privind-utilizarea-comunicarii-electronice","status":"publish","type":"post","link":"https:\/\/www.anofm.ro\/neamt\/informatii-utile-privind-utilizarea-comunicarii-electronice\/","title":{"rendered":"Informatii utile privind utilizarea comunicarii electronice"},"content":{"rendered":"<p class=\"MsoNormal\" style=\"text-align:justify;line-height:normal\"><span lang=\"EN-GB\" style=\"font-size:12.0pt;font-family:\">\u00cen contextul actual, este important sa va<br \/>\nproteja\u021bi at\u00e2t pe dumneavoastr\u0103 c\u00e2t \u0219i pe cei din jur \u0219i s\u0103 evita\u021bi\u00a0<br \/>\nzonele aglomerate. Dorim s\u0103 r\u0103m\u00e2nem \u00een leg\u0103tur\u0103 permanent\u0103 cu dumneavoastr\u0103,<br \/>\niar acest lucru este posibil acum \u0219i prin servicii on-line \u0219i comunicare<br \/>\nelectronic\u0103.<\/span><\/p>\n<p class=\"MsoNormal\" style=\"text-align:justify;line-height:normal\"><span lang=\"EN-GB\" style=\"font-size:12.0pt;font-family:\">Mai jos reg\u0103si\u021bi modalit\u0103\u021bile de realizare a<br \/>\ncomunic\u0103rii electronice \u00eentre beneficiarii dreptului la indemniza\u0163ia de \u015fomaj,<br \/>\nai m\u0103surilor de stimulare a angajatorilor finan\u0163ate din bugetul asigur\u0103rilor<br \/>\npentru \u015fomaj, ai sumelor necesare pentru plata indemniza\u0163iei acordate ca urmare<br \/>\na reducerii sau \u00eentreruperii temporare a activit\u0103\u021bii total sau par\u0163ial ca<br \/>\nurmare a efectelor epidemiei COVID-19, precum \u015fi ai m\u0103surilor active de sprijin<br \/>\nimediat pentru angajatorii a c\u0103ror activitate a fost redus\u0103 sau \u00eentrerupt\u0103<br \/>\ntotal sau par\u0163ial ca urmare a efectelor r\u0103sp\u00e2ndirii coronavirusului SARS-CoV-2<br \/>\nfinan\u0163ate din bugetul asigur\u0103rilor pentru \u015fomaj \u0219i agen\u021biile pentru ocuparea<br \/>\nfor\u021bei de munc\u0103 jude\u021bene \u0219i a muncipiului Bucure\u0219ti.<\/span><\/p>\n<p class=\"MsoNormal\" style=\"text-align:justify;line-height:normal\"><span lang=\"EN-GB\" style=\"font-size:12.0pt;font-family:\">Modalit\u0103\u021bi de comunicare electronic\u0103 &#8211;\u00a0<a target=\"_blank\" href=\"\/upload\/13611\/Anexa_-_Comunicare_electronica_F.pdf\" rel=\"noopener\"><span style=\"color:#2FA4E7;text-decoration:none\">descarc\u0103 aici<\/span><\/a><\/span><\/p>\n<p class=\"MsoNormal\"><span lang=\"EN-GB\" style=\"font-size:12.0pt;line-height:115%;font-family:\">Ghidul privind comunicarea electronic\u0103 poate fi consultat\u00a0<\/span><span lang=\"EN-GB\" style=\"font-size:12.0pt;line-height:115%;font-family:\"><a target=\"_blank\" href=\"\/upload\/13611\/Ghid_comunicare_prin_email.pdf\" rel=\"noopener\"><span style=\"font-family:\">aici<\/span><\/a><\/span><span lang=\"EN-GB\" style=\"font-size:12.0pt;line-height:115%;font-family:\"><\/p>\n<p>Prezentarea schematic\u0103 a pa\u0219ilor de urmat &#8211;\u00a0<\/span><span lang=\"EN-GB\" style=\"font-size:12.0pt;line-height:115%;font-family:\"><a target=\"_blank\" href=\"\/upload\/13611\/Pasi_comunicare_schema.pdf\" rel=\"noopener\"><span style=\"font-family:\">descarc\u0103 aici<\/span><\/a><\/span><span lang=\"EN-GB\" style=\"font-size:12.0pt;line-height:115%;font-family:\"><\/p>\n<p>Adresa de e-mail pentru transmiterea documentelor:\u00a0<\/span><a href=\"mailto:neamt@anofm.gov.ro\" style=\"font-family:\">neamt@anofm.gov.ro<\/a><\/p>\n<p class=\"MsoNormal\"><span lang=\"EN-GB\" style=\"line-height: 115%;font-family:\"><\/span><\/p>\n<p style=\"font-family: sans-serif;text-align: justify\"><font style=\"font-size: 16px\"><i>Deasemenea, pentru comunicarea eficient\u0103 dintre beneficiarii Sistemului Public de Ocupare si structurile din subordinea A.J.O.F.M. Neam\u021b (transmiterea documentelor pentru luare \u00een eviden\u021b\u0103, \u00eentocmire dosar de \u0219omaj, anun\u021bare locuri de munc\u0103 vacante, dispozi\u021bie de repartizare, documente acordare prime, documente lunare conven\u021bii, etc.) au fost create urm\u0103toarele adrese de email:<\/i><\/font><\/p>\n<\/p>\n<li><font style=\"font-size: 16px\"><i><span class=\"style3 style35\">ALOFM Piatra Neamt<\/span>:\u00a0<\/i><\/font><span style=\"font-size: 16px;font-style: italic\">alina.caea.nt@anofm.gov.ro<\/span><\/li>\n<li><font><i><span class=\"style3 style35\" style=\"font-size: 16px\">ALOFM Roman<\/span><span style=\"font-size: 16px\">: gabriel.bostan.nt@anofm.gov.ro\u00a0\u00a0 \u00a0<\/span><\/i><\/font><\/li>\n<li><font style=\"font-size: 16px\"><i><span class=\"style3 style35\">ALOFM Tirgu Neamt<\/span>:\u00a0<\/i><\/font><font style=\"font-size: 16px\"><i>camelia.birgaoanu.nt@anofm.gov.ro<\/i><\/font><\/li>\n<li><font style=\"font-size: 16px\"><i><span class=\"style3 style35\"><span>PL Bicaz<\/span><\/span>:\u00a0<\/i><\/font><span style=\"font-size: 16px;font-style: italic\">catalina.halaciuga.nt@anofm.gov.ro<\/span><\/li>\n<li><font style=\"font-size: 16px\"><i><span class=\"style3 style35\"><span>PL Poiana Teiului<\/span><\/span>:\u00a0<\/i><\/font><span style=\"font-size: 16px;font-style: italic\">camelia.birgaoanu.nt@anofm.gov.ro<\/span><\/li>\n<p class=\"MsoNormal\"><span lang=\"EN-GB\" style=\"font-size:12.0pt;line-height:115%;font-family:\"><a href=\"mailto:neamt@anofm.gov.ro\"><\/a><\/span><\/p>\n<\/p>\n<p><a href=\"mailto:neamt@anofm.gov.ro\"><img decoding=\"async\" src=\"upload\/13611\/3pasi_de_urmat_1_1.jpg\" align=\"middle\"><\/a><\/p><\/p>\n","protected":false},"excerpt":{"rendered":"<p>Informatii utile privind utilizarea comunicarii electronice<\/p>\n","protected":false},"author":0,"featured_media":0,"comment_status":"closed","ping_status":"closed","sticky":false,"template":"","format":"standard","meta":{"footnotes":""},"categories":[16],"tags":[],"class_list":["post-133","post","type-post","status-publish","format-standard","hentry","category-materiale-informative"],"_links":{"self":[{"href":"https:\/\/www.anofm.ro\/neamt\/wp-json\/wp\/v2\/posts\/133","targetHints":{"allow":["GET"]}}],"collection":[{"href":"https:\/\/www.anofm.ro\/neamt\/wp-json\/wp\/v2\/posts"}],"about":[{"href":"https:\/\/www.anofm.ro\/neamt\/wp-json\/wp\/v2\/types\/post"}],"replies":[{"embeddable":true,"href":"https:\/\/www.anofm.ro\/neamt\/wp-json\/wp\/v2\/comments?post=133"}],"version-history":[{"count":0,"href":"https:\/\/www.anofm.ro\/neamt\/wp-json\/wp\/v2\/posts\/133\/revisions"}],"wp:attachment":[{"href":"https:\/\/www.anofm.ro\/neamt\/wp-json\/wp\/v2\/media?parent=133"}],"wp:term":[{"taxonomy":"category","embeddable":true,"href":"https:\/\/www.anofm.ro\/neamt\/wp-json\/wp\/v2\/categories?post=133"},{"taxonomy":"post_tag","embeddable":true,"href":"https:\/\/www.anofm.ro\/neamt\/wp-json\/wp\/v2\/tags?post=133"}],"curies":[{"name":"wp","href":"https:\/\/api.w.org\/{rel}","templated":true}]}}