{"id":131,"date":"2020-07-21T00:00:00","date_gmt":"2020-07-20T21:00:00","guid":{"rendered":"https:\/\/www.anofm.ro\/neamt\/anunt-selectie-dosare-si-interviu-pentru-ocuparea-temporara-a-trei-functii-publice-de-executie-vacante\/"},"modified":"2020-07-21T00:00:00","modified_gmt":"2020-07-20T21:00:00","slug":"anunt-selectie-dosare-si-interviu-pentru-ocuparea-temporara-a-trei-functii-publice-de-executie-vacante","status":"publish","type":"post","link":"https:\/\/www.anofm.ro\/neamt\/anunt-selectie-dosare-si-interviu-pentru-ocuparea-temporara-a-trei-functii-publice-de-executie-vacante\/","title":{"rendered":"Anunt selectie dosare \u0219i interviu pentru ocuparea temporar\u0103 a trei functii publice de executie vacante"},"content":{"rendered":"<p><a target=\"_blank\" href=\"\/upload\/13331\/ANUNT_CONCURS_-SELECTIE_IULIE.pdf\" rel=\"noopener\"><span lang=\"PT-BR\" style=\"font-size:11.0pt;line-height:115%;font-family:\">Agen\u0163ia Jude\u0163ean<\/span><span lang=\"RO\" style=\"font-size:11.0pt;line-height:115%;font-family:\">\u0103<\/span><span lang=\"PT-BR\" style=\"font-size:11.0pt;line-height:115%;font-family:\">\u00a0pentru Ocuparea For\u0163ei de Munc\u0103 Neam\u0163,<br \/>\norganizeaz\u0103 selec\u021bie dosare \u0219i interviu pentru<br \/>\n<b>ocuparea tempora<\/b><\/span><b><span lang=\"RO\" style=\"font-size:11.0pt;line-height:115%;font-family:\">r\u0103\u00a0<\/span><span lang=\"PT-BR\" style=\"font-size:11.0pt;line-height:115%;font-family:\">a trei func\u021bii<\/span><span lang=\"RO\" style=\"font-size:11.0pt;line-height:115%;font-family:\"> publice\u00a0<\/span><span lang=\"PT-BR\" style=\"font-size:11.0pt;line-height:115%;font-family:\">de execu\u021bie\u00a0<\/span><\/b><span lang=\"PT-BR\" style=\"font-size:11.0pt;line-height:115%;font-family:\">vacante, de consilier<br \/>\nclasa I, grad profesional superior, una<br \/>\n\u00een\u00a0<\/span><span style=\"font-size:11.0pt;line-height:115%;font-family:\">cadrul ALOFM<br \/>\nPiatra Neam\u021b\u00a0\u0219i dou\u0103 la ALOFM T\u00e2rgu Neam\u021b.<\/span><\/a><span style=\"font-size:11.0pt;line-height:115%;font-family:\"><\/span><\/p>\n","protected":false},"excerpt":{"rendered":"<p>Anunt selectie dosare \u0219i interviu pentru ocuparea temporar\u0103 a trei functii publice de executie vacante<\/p>\n","protected":false},"author":0,"featured_media":0,"comment_status":"closed","ping_status":"closed","sticky":false,"template":"","format":"standard","meta":{"footnotes":""},"categories":[7],"tags":[],"class_list":["post-131","post","type-post","status-publish","format-standard","hentry","category-cariera-profesionala"],"_links":{"self":[{"href":"https:\/\/www.anofm.ro\/neamt\/wp-json\/wp\/v2\/posts\/131","targetHints":{"allow":["GET"]}}],"collection":[{"href":"https:\/\/www.anofm.ro\/neamt\/wp-json\/wp\/v2\/posts"}],"about":[{"href":"https:\/\/www.anofm.ro\/neamt\/wp-json\/wp\/v2\/types\/post"}],"replies":[{"embeddable":true,"href":"https:\/\/www.anofm.ro\/neamt\/wp-json\/wp\/v2\/comments?post=131"}],"version-history":[{"count":0,"href":"https:\/\/www.anofm.ro\/neamt\/wp-json\/wp\/v2\/posts\/131\/revisions"}],"wp:attachment":[{"href":"https:\/\/www.anofm.ro\/neamt\/wp-json\/wp\/v2\/media?parent=131"}],"wp:term":[{"taxonomy":"category","embeddable":true,"href":"https:\/\/www.anofm.ro\/neamt\/wp-json\/wp\/v2\/categories?post=131"},{"taxonomy":"post_tag","embeddable":true,"href":"https:\/\/www.anofm.ro\/neamt\/wp-json\/wp\/v2\/tags?post=131"}],"curies":[{"name":"wp","href":"https:\/\/api.w.org\/{rel}","templated":true}]}}