{"id":122,"date":"2020-06-03T00:00:00","date_gmt":"2020-06-02T21:00:00","guid":{"rendered":"https:\/\/www.anofm.ro\/neamt\/sper-sprijin-pentru-angajatori-si-angajati\/"},"modified":"2020-06-03T00:00:00","modified_gmt":"2020-06-02T21:00:00","slug":"sper-sprijin-pentru-angajatori-si-angajati","status":"publish","type":"post","link":"https:\/\/www.anofm.ro\/neamt\/sper-sprijin-pentru-angajatori-si-angajati\/","title":{"rendered":"#SPER &#8211; SPRIJIN PENTRU ANGAJATORI \u0218I ANGAJA\u021aI"},"content":{"rendered":"<p class=\"MsoListParagraph\" align=\"center\" style=\"margin-left:40.5pt;text-align:center;line-height:normal\"><b><i><span lang=\"RO\" style=\"font-size:12.0pt\">#SPER &#8211; SPRIJIN PENTRU ANGAJATORI \u0218I ANGAJA\u021aI<\/span><\/i><\/b><b><span style=\"font-size:12.0pt\"><\/span><\/b><\/p>\n<p class=\"MsoNormal\" align=\"center\" style=\"margin-left:53.1pt;text-align:center;text-indent:-27.0pt;line-height:normal\"><b>PROGRAMUL OPERA\u021aIONAL CAPITAL<br \/>\nUMAN 2014-2020<\/b><\/p>\n<p class=\"MsoNormal\" align=\"center\" style=\"margin-left:40.5pt;text-align:center;text-indent:-14.4pt;line-height:normal\"><b>AXA PRIORITAR\u0102 4<\/b><\/p>\n<p class=\"MsoNormal\" align=\"left\" style=\"margin: 0cm 13.5pt 6pt 0cm\"><b><u>Obiectivul general<\/u><\/b>: <\/p>\n<p class=\"MsoNormal\" style=\"margin-top:0cm;margin-right:13.5pt;margin-bottom:6.0pt;margin-left:0cm\">Reducerea<br \/>\nriscului pierderii locului de munc\u0103 pentru un num\u0103r de 174.981 persoane<br \/>\nangajate \u00een domenii de activitate afectate direct ca urmare a declar\u0103rii<br \/>\nsitua\u021biilor de epidemii (ex. COVID \u2013 19), potrivit Ordonan\u021belor militare \u0219i<br \/>\naltor acte emise de autorit\u0103\u021bile competente pe perioada st\u0103rii de urgen\u021b\u0103.<\/p>\n<p class=\"MsoNormal\" align=\"left\" style=\"margin: 0cm 13.5pt 6pt 0cm\"><b><u><span lang=\"RO\">Obiectivele specifice ale<br \/>\nproiectului<\/span><\/u><\/b><span lang=\"RO\">:<\/span><\/p>\n<p class=\"MsoNormal\" style=\"margin-top:0cm;margin-right:13.5pt;margin-bottom:6.0pt;margin-left:0cm\"><span lang=\"EN\">Protec\u021bia social\u0103 a unui num\u0103r de 174.981 angaja\u021bi pentru care se<br \/>\npl\u0103te\u0219te indemniza\u0163ia acordat\u0103 pe perioada suspend\u0103rii temporare a contractului<br \/>\nindividual de munc\u0103 din ini\u0163iativa angajatorului, potrivit art. 52 alin. (1)<br \/>\nlit. c) din Legea nr. 53\/2003 &#8211; Codul muncii, cu modific\u0103rile \u015fi complet\u0103rile<br \/>\nulterioare.<\/span><\/p>\n<p class=\"MsoNormal\" style=\"margin-top:0cm;margin-right:13.5pt;margin-bottom:6.0pt;margin-left:0cm\"><b><u><span lang=\"RO\">Parteneriatul<br \/>\nproiectului<\/span><\/u><\/b><span lang=\"RO\"> : Nu este cazul<\/span><\/p>\n<p class=\"MsoNormal\" style=\"margin-top:0cm;margin-right:13.5pt;margin-bottom:6.0pt;margin-left:0cm\"><b><u><span lang=\"RO\">Loca\u021bia proiectului<\/span><\/u><\/b><b><span lang=\"RO\">:<\/span><\/b><span lang=\"RO\"> <\/span><span lang=\"RO\">ROM\u00c2NIA<\/span><\/p>\n<p class=\"MsoNormal\" style=\"margin-top:0cm;margin-right:13.5pt;margin-bottom:6.0pt;margin-left:0cm\"><b><u><span lang=\"RO\">Regiunile<\/span><\/u><\/b><span lang=\"RO\">: Centru, Sud-Muntenia, Sud-Vest Oltenia,<br \/>\nNord-Est, Nord-Vest, Sud-Est, Vest, Bucure\u015fti-Ilfov<\/span><\/p>\n<p class=\"MsoNormal\" style=\"margin-top:0cm;margin-right:13.5pt;margin-bottom:6.0pt;margin-left:0cm\"><b><u><span lang=\"RO\">Jude\u0163e:<\/span><\/u><\/b><span lang=\"RO\"> Alba, Arad, Arge\u0219, Bac\u0103u, Bihor, Bistri\u021ba N\u0103s\u0103ud,<br \/>\nBoto\u0219ani, Bra\u0219ov, Br\u0103ila, Bucure\u0219ti, Buz\u0103u, Cara\u0219 Severin, C\u0103l\u0103ra\u0219i, Covasna,<br \/>\nConstanta, Cluj, Dambovita, Dolj, Giurgiu, Gorj, Galati, Harghita,<br \/>\nHunedoara,\u00a0 Ialomi\u021ba, Ia\u0219i, Ilfov,<br \/>\nMaramure\u0219, Mehedin\u021bi, Mure\u0219, <b>Neam\u021b<\/b>,<br \/>\nOlt, Prahova, Satu Mare, S\u0103laj, Sibiu, Suceava, Teleorman, Timi\u0219, Tulcea,<br \/>\nVaslui, V\u00e2lcea, Vrancea.<\/span><\/p>\n<p><font style=\"font-weight: bold;font-size: 12px\"><u><span lang=\"RO\" style=\"line-height: 115%;font-family:\">Durata proiectului<\/span><\/u><span lang=\"RO\" style=\"line-height: 115%;font-family:\">: 6<br \/>\nluni\u00a0<\/span><\/font><\/p>\n<p><\/p>\n<p><a target=\"_blank\" href=\"\/upload\/12793\/Anunt_selectie_proiect_SPER_AJOFM.pdf\" rel=\"noopener\">Anun\u021b de inten\u021bie pentru selec\u021bia echipei de implementare a proiectului #SPER<\/a><\/p>\n<p><a target=\"_blank\" href=\"\/upload\/12793\/Anunt_selectie_proiect_SPER_AJOFM.pdf\" rel=\"noopener\"><\/a><a target=\"_blank\" href=\"\/upload\/12793\/Sper_-_TABEL_NOMINAL.pdf\" rel=\"noopener\">Tabel selectie echipa implementare proiect #SPER<\/a><\/p>\n","protected":false},"excerpt":{"rendered":"<p>#SPER &#8211; SPRIJIN PENTRU ANGAJATORI \u0218I ANGAJA\u021aI<\/p>\n","protected":false},"author":0,"featured_media":0,"comment_status":"closed","ping_status":"closed","sticky":false,"template":"","format":"standard","meta":{"footnotes":""},"categories":[20],"tags":[],"class_list":["post-122","post","type-post","status-publish","format-standard","hentry","category-proiecte"],"_links":{"self":[{"href":"https:\/\/www.anofm.ro\/neamt\/wp-json\/wp\/v2\/posts\/122","targetHints":{"allow":["GET"]}}],"collection":[{"href":"https:\/\/www.anofm.ro\/neamt\/wp-json\/wp\/v2\/posts"}],"about":[{"href":"https:\/\/www.anofm.ro\/neamt\/wp-json\/wp\/v2\/types\/post"}],"replies":[{"embeddable":true,"href":"https:\/\/www.anofm.ro\/neamt\/wp-json\/wp\/v2\/comments?post=122"}],"version-history":[{"count":0,"href":"https:\/\/www.anofm.ro\/neamt\/wp-json\/wp\/v2\/posts\/122\/revisions"}],"wp:attachment":[{"href":"https:\/\/www.anofm.ro\/neamt\/wp-json\/wp\/v2\/media?parent=122"}],"wp:term":[{"taxonomy":"category","embeddable":true,"href":"https:\/\/www.anofm.ro\/neamt\/wp-json\/wp\/v2\/categories?post=122"},{"taxonomy":"post_tag","embeddable":true,"href":"https:\/\/www.anofm.ro\/neamt\/wp-json\/wp\/v2\/tags?post=122"}],"curies":[{"name":"wp","href":"https:\/\/api.w.org\/{rel}","templated":true}]}}