{"id":121,"date":"2020-05-15T00:00:00","date_gmt":"2020-05-14T21:00:00","guid":{"rendered":"https:\/\/www.anofm.ro\/neamt\/informare-pentru-beneficiarii-de-drepturi-care-se-suporta-din-bugetul-asigurarilor-pentru-somaj-2\/"},"modified":"2020-05-15T00:00:00","modified_gmt":"2020-05-14T21:00:00","slug":"informare-pentru-beneficiarii-de-drepturi-care-se-suporta-din-bugetul-asigurarilor-pentru-somaj-2","status":"publish","type":"post","link":"https:\/\/www.anofm.ro\/neamt\/informare-pentru-beneficiarii-de-drepturi-care-se-suporta-din-bugetul-asigurarilor-pentru-somaj-2\/","title":{"rendered":"INFORMARE &#8211; pentru beneficiarii de drepturi care se suporta din bugetul asigurarilor pentru somaj"},"content":{"rendered":"<p class=\"MsoNormal\" align=\"center\" style=\"text-align: center;text-indent: 0.15pt\"><span lang=\"RO\" style=\"font-size: 20pt;line-height: 30.6667px\">I N F O R M A R E<\/span><span lang=\"RO\" style=\"font-size: 14pt;line-height: 21.4667px\"><\/span><\/p>\n<p class=\"MsoNormal\" align=\"center\" style=\"text-align: center\"><span lang=\"RO\" style=\"font-size: 14pt;line-height: 21.4667px\">pentru beneficiarii de drepturi care se suport\u0103 din bugetul asigur\u0103rilor pentru \u015fomaj<\/span><\/p>\n<p style=\"margin-left: 40px;text-align: justify\"><span style=\"font-family:\"><br \/><\/span><\/p>\n<p style=\"margin-left: 40px;text-align: justify\"><span style=\"font-family:\">Potrivit art. 6 alin. 1 din OUG nr. 70\/2020,\u00a0<\/span><b style=\"font-family:\"><i><span>obliga\u0163ia prevazut\u0103 la art.41 alin.(1) lit.a) din Legea nr.76\/2002 privind sistemul asigur\u0103rilor pentru \u015fomaj \u015fi stimularea ocup\u0103rii for\u0163ei de munc\u0103, cu modific\u0103rile \u015fi complet\u0103rile ulterioare, se suspend\u0103 \u00een perioada cuprins\u0103 \u00eentre \u00eencetarea st\u0103rii de urgen\u021b\u0103 \u0219i 31 mai 2020.<\/span>\u201d<\/i><\/b><span style=\"font-family:\">\u00a0\u00een sensul c\u0103 persoanele care beneficiaz\u0103 de indemniza\u0163ie de \u015fomaj, p\u00e2n\u0103 la data de 31 mai 2020, nu au obliga\u0163ia s\u0103 se prezinte la agen\u0163ia pentru ocuparea for\u0163ei de munc\u0103 la care sunt \u00eenregistrate\u00a0<\/span><span style=\"font-family:\">\u00a0<\/span><span style=\"font-family:\">pentru a primi sprijin \u00een vederea \u00eencadr\u0103rii \u00een munc\u0103 (viza lunar\u0103).<\/span><\/p>\n","protected":false},"excerpt":{"rendered":"<p>I N F O R M A R E pentru beneficiarii de drepturi care se suport\u0103 din bugetul asigur\u0103rilor pentru \u015fomaj Potrivit art. 6 alin. 1 din OUG nr. 70\/2020,\u00a0obliga\u0163ia<\/p>\n","protected":false},"author":0,"featured_media":0,"comment_status":"closed","ping_status":"closed","sticky":false,"template":"","format":"standard","meta":{"footnotes":""},"categories":[4],"tags":[],"class_list":["post-121","post","type-post","status-publish","format-standard","hentry","category-anunturi-diverse"],"_links":{"self":[{"href":"https:\/\/www.anofm.ro\/neamt\/wp-json\/wp\/v2\/posts\/121","targetHints":{"allow":["GET"]}}],"collection":[{"href":"https:\/\/www.anofm.ro\/neamt\/wp-json\/wp\/v2\/posts"}],"about":[{"href":"https:\/\/www.anofm.ro\/neamt\/wp-json\/wp\/v2\/types\/post"}],"replies":[{"embeddable":true,"href":"https:\/\/www.anofm.ro\/neamt\/wp-json\/wp\/v2\/comments?post=121"}],"version-history":[{"count":0,"href":"https:\/\/www.anofm.ro\/neamt\/wp-json\/wp\/v2\/posts\/121\/revisions"}],"wp:attachment":[{"href":"https:\/\/www.anofm.ro\/neamt\/wp-json\/wp\/v2\/media?parent=121"}],"wp:term":[{"taxonomy":"category","embeddable":true,"href":"https:\/\/www.anofm.ro\/neamt\/wp-json\/wp\/v2\/categories?post=121"},{"taxonomy":"post_tag","embeddable":true,"href":"https:\/\/www.anofm.ro\/neamt\/wp-json\/wp\/v2\/tags?post=121"}],"curies":[{"name":"wp","href":"https:\/\/api.w.org\/{rel}","templated":true}]}}