{"id":120,"date":"2020-05-08T00:00:00","date_gmt":"2020-05-07T21:00:00","guid":{"rendered":"https:\/\/www.anofm.ro\/neamt\/concurs-de-recrutare-pentru-ocuparea-functiei-publice-de-executie-temporar-vacanta-de-consilier-clasa-i-grad-profesional-superior-in-cadrul-compartimentului-formare-profesionala\/"},"modified":"2020-05-08T00:00:00","modified_gmt":"2020-05-07T21:00:00","slug":"concurs-de-recrutare-pentru-ocuparea-functiei-publice-de-executie-temporar-vacanta-de-consilier-clasa-i-grad-profesional-superior-in-cadrul-compartimentului-formare-profesionala","status":"publish","type":"post","link":"https:\/\/www.anofm.ro\/neamt\/concurs-de-recrutare-pentru-ocuparea-functiei-publice-de-executie-temporar-vacanta-de-consilier-clasa-i-grad-profesional-superior-in-cadrul-compartimentului-formare-profesionala\/","title":{"rendered":"Concurs de recrutare  pentru ocuparea  func\u021biei  publice  de execu\u021bie temporar  vacant\u0103  de consilier clasa I , grad profesional superior,  \u00een  cadrul Compartimentului  Formare Profesionala"},"content":{"rendered":"<p><a target=\"_blank\" href=\"\/upload\/12536\/ANUNT_CONCURS__consilier_SUPERIOR_CFP.pdf\" rel=\"noopener\">Anunt concurs de recrutare\u00a0 pentru ocuparea\u00a0 func\u021biei\u00a0 publice\u00a0 de execu\u021bie temporar\u00a0 vacant\u0103\u00a0 de consilier clasa I , grad profesional superior,\u00a0 \u00een\u00a0 cadrul Compartimentului\u00a0 Formare Profesionala<\/a><\/p>\n<p><a target=\"_blank\" href=\"\/upload\/12536\/ANUNT_CONCURS__consilier_SUPERIOR_CFP.pdf\" rel=\"noopener\"><\/a><\/p>\n<\/p>\n<div style=\"text-align: justify\">\n<p><b>Conform art 27, alin. 3 din Legea 55\/2020:\u00a0<\/b><\/p>\n<p><span><b><\/b><\/span><\/p>\n<p><span style=\"font-family:\"><b><span style=\"font-size: 11pt\">Pe<br \/>\ndurata st\u0103rii de alert\u0103, \u00een institu\u0163iile \u015fi autorit\u0103\u0163ile publice se<br \/>\nsuspend\u0103 orice tip de concurs pentru ocuparea posturilor sau func\u0163iilor<br \/>\nvacante \u015fi temporar vacante, cu excep\u0163ia celor prev\u0103zute la alin. (1) \u015fi<br \/>\n (2), precum \u015fi la art. 11 \u015fi 12.<\/span><\/b><\/p>\n<p><span style=\"font-size: 11pt\"><\/span><b style=\"font-family: sans-serif\"><span style=\"font-size: 12px\">Conform art 27, alin. 1 din Legea 55\/2020:<\/span>\u00a0<\/b><\/p>\n<p style=\"font-size: 14px\"><b style=\"font-family: sans-serif\"><font style=\"font-size: 12px\"><a target=\"_blank\" href=\"\/upload\/12536\/ANUNT_CONCURS_-SELECTIE_-_perioada_stare_de_alerta.pdf\" rel=\"noopener\"><span style=\"font-family:\">Anunt selec\u021bie \u00een vederea angaj\u0103rii\u00a0<\/span><span style=\"font-family:\">f\u0103r\u0103 concurs de recrutare, pentru o<br \/>\ndurat\u0103<\/span><span style=\"font-family:\">\u00a0 <\/span><\/a><span style=\"font-family:\"><a target=\"_blank\" href=\"\/upload\/12536\/ANUNT_CONCURS_-SELECTIE_-_perioada_stare_de_alerta.pdf\" rel=\"noopener\">determinat\u0103, ce nu poate dep\u0103\u015fi<br \/>\n30 de zile de la data \u00eencet\u0103rii st\u0103rii de alert\u0103.<\/a><\/span><\/font><\/b><\/p>\n<\/p>\n<p><b style=\"font-family: sans-serif\"><font style=\"font-size: 12px\"><a target=\"_blank\" href=\"\/upload\/12536\/TABEL_rezultat_selectie-_CFP.pdf\" rel=\"noopener\">Tabel rezulate finale selectie<\/a><\/p>\n<p><a target=\"_blank\" href=\"\/upload\/12536\/ANUNT_CONCURS_CFP_reluare_24.06.2020.pdf\" rel=\"noopener\">Reluare procedura recrutare pentru pcuparea func\u021biei publice de execu\u021bie temporar vacant\u0103 de consilier clasa I, grad profesional superior, \u00een cadrul Compartimentului Formare Profesional\u0103<\/a><\/p>\n<\/p>\n<p><\/font><\/b><\/span><\/p>\n<\/p>\n<\/div>\n","protected":false},"excerpt":{"rendered":"<p>Concurs de recrutare  pentru ocuparea  func\u021biei  publice  de execu\u021bie temporar  vacant\u0103  de consilier clasa I , grad profesional superior,  \u00een  cadrul Compartimentului  Formare Profesionala<\/p>\n","protected":false},"author":0,"featured_media":0,"comment_status":"closed","ping_status":"closed","sticky":false,"template":"","format":"standard","meta":{"footnotes":""},"categories":[7],"tags":[],"class_list":["post-120","post","type-post","status-publish","format-standard","hentry","category-cariera-profesionala"],"_links":{"self":[{"href":"https:\/\/www.anofm.ro\/neamt\/wp-json\/wp\/v2\/posts\/120","targetHints":{"allow":["GET"]}}],"collection":[{"href":"https:\/\/www.anofm.ro\/neamt\/wp-json\/wp\/v2\/posts"}],"about":[{"href":"https:\/\/www.anofm.ro\/neamt\/wp-json\/wp\/v2\/types\/post"}],"replies":[{"embeddable":true,"href":"https:\/\/www.anofm.ro\/neamt\/wp-json\/wp\/v2\/comments?post=120"}],"version-history":[{"count":0,"href":"https:\/\/www.anofm.ro\/neamt\/wp-json\/wp\/v2\/posts\/120\/revisions"}],"wp:attachment":[{"href":"https:\/\/www.anofm.ro\/neamt\/wp-json\/wp\/v2\/media?parent=120"}],"wp:term":[{"taxonomy":"category","embeddable":true,"href":"https:\/\/www.anofm.ro\/neamt\/wp-json\/wp\/v2\/categories?post=120"},{"taxonomy":"post_tag","embeddable":true,"href":"https:\/\/www.anofm.ro\/neamt\/wp-json\/wp\/v2\/tags?post=120"}],"curies":[{"name":"wp","href":"https:\/\/api.w.org\/{rel}","templated":true}]}}