{"id":117,"date":"2020-04-29T00:00:00","date_gmt":"2020-04-28T21:00:00","guid":{"rendered":"https:\/\/www.anofm.ro\/neamt\/documentele-pentru-obtinerea-somajului-tehnic-se-depun-din-1-mai-prin-aplicatia-aici-gov-ro\/"},"modified":"2020-04-29T00:00:00","modified_gmt":"2020-04-28T21:00:00","slug":"documentele-pentru-obtinerea-somajului-tehnic-se-depun-din-1-mai-prin-aplicatia-aici-gov-ro","status":"publish","type":"post","link":"https:\/\/www.anofm.ro\/neamt\/documentele-pentru-obtinerea-somajului-tehnic-se-depun-din-1-mai-prin-aplicatia-aici-gov-ro\/","title":{"rendered":"Documentele pentru obtinerea somajului tehnic se depun, din 1 mai, prin aplicatia aici.gov.ro"},"content":{"rendered":"<p style=\"margin-top: 0px;margin-bottom: 1rem;font-family: -apple-system, BlinkMacSystemFont,\">\n<p class=\"MsoNormal\"><b><font style=\"font-size: 18px\">Comunicat de pres\u0103<\/font><\/b><\/p>\n<p><span style=\"line-height: 115%;font-family: Calibri, sans-serif\"><b><i><font style=\"font-size: 16px\">Documentele<br \/>\npentru ob\u021binerea \u0219omajului tehnic pentru luna aprilie se depun, din 1 mai, prin aplica\u021bia<br \/>\naici.gov.ro<\/font><\/i><\/b><\/span><\/p>\n<p><span style=\"line-height: 115%;font-family: Calibri, sans-serif\"><b><i style=\"font-size: 14px\"><\/i><\/b><\/p>\n<p style=\"font-size: 11pt\">\n<p><\/span><\/p>\n<p class=\"MsoNormal\" style=\"text-align: justify\">Documentele necesare pentru ob\u021binerea \u0219omajului tehnic pentru luna aprilie, vor<br \/>\nfi transmise, \u00eencep\u00e2nd de vineri, 1 mai 2020, prin Registratura electronic\u0103<br \/>\npus\u0103 la dispozi\u021bie de Guvernul Rom\u00e2niei prin Autoritatea pentru Digitalizarea<br \/>\nRom\u00e2niei, <a href=\"https:\/\/aici.gov.ro\/home\" target=\"_blank\" rel=\"noopener\">https:\/\/aici.gov.ro\/home<\/a>.<\/p>\n<p class=\"MsoNormal\" style=\"text-align: justify\">Transmiterea documentelor prin Registratura electronic\u0103 va<br \/>\nasigura procesarea mai rapid\u0103 a documentelor, o eviden\u021b\u0103 mai bun\u0103 a actelor<br \/>\ntransmise \u0219i va facilita accesul la formularele ce trebuie completate.<\/p>\n<p class=\"MsoNormal\">\n<p class=\"MsoNormal\" style=\"text-align: justify\">De asemenea, cererile vor fi editate \u00een format inteligent<br \/>\npentru a ajuta angajatorii s\u0103 calculeze indemniza\u021bia solicitat\u0103 \u0219i vor fi<br \/>\nlimitate erorile cu privire la datele firmei, num\u0103rul contului bancar, CNP,<br \/>\netc.<\/p>\n<p class=\"MsoNormal\">\n<p class=\"MsoNormal\" style=\"text-align: justify\">Men\u021bion\u0103m c\u0103 prin aplica\u021bia aici.gov.ro vor fi transmise<br \/>\nat\u00e2t documentele pentru pl\u0103\u021bile f\u0103cute prin Agen\u021bia Na\u021bional\u0103 pentru Ocuparea<br \/>\nFor\u021bei de Munc\u0103 (ANOFM), c\u00e2t \u0219i pentru cele care sunt gestionate de Agen\u021bia<br \/>\nNa\u021bional\u0103 pentru Pl\u0103\u021bi \u0219i Inspec\u021bie Social\u0103 (ANPIS).<\/p>\n<p class=\"MsoNormal\">\n<p class=\"MsoNormal\">\u00a0\u00a0<\/p>\n<p class=\"MsoNormal\" style=\"text-align: right\"><b>Serviciul Comunicare, Mass-Media \u0219i Rela\u021bii cu Publicul<\/b><\/p>\n<p style=\"text-align: right\"><b>Ministerul Muncii \u015fi Protec\u0163iei Sociale<\/b><\/p>\n<p><\/p>\n","protected":false},"excerpt":{"rendered":"<p>Comunicat de pres\u0103 Documentele pentru ob\u021binerea \u0219omajului tehnic pentru luna aprilie se depun, din 1 mai, prin aplica\u021bia aici.gov.ro Documentele necesare pentru ob\u021binerea \u0219omajului tehnic pentru luna aprilie, vor fi<\/p>\n","protected":false},"author":0,"featured_media":0,"comment_status":"closed","ping_status":"closed","sticky":false,"template":"","format":"standard","meta":{"footnotes":""},"categories":[9],"tags":[],"class_list":["post-117","post","type-post","status-publish","format-standard","hentry","category-comunicate-de-presa"],"_links":{"self":[{"href":"https:\/\/www.anofm.ro\/neamt\/wp-json\/wp\/v2\/posts\/117","targetHints":{"allow":["GET"]}}],"collection":[{"href":"https:\/\/www.anofm.ro\/neamt\/wp-json\/wp\/v2\/posts"}],"about":[{"href":"https:\/\/www.anofm.ro\/neamt\/wp-json\/wp\/v2\/types\/post"}],"replies":[{"embeddable":true,"href":"https:\/\/www.anofm.ro\/neamt\/wp-json\/wp\/v2\/comments?post=117"}],"version-history":[{"count":0,"href":"https:\/\/www.anofm.ro\/neamt\/wp-json\/wp\/v2\/posts\/117\/revisions"}],"wp:attachment":[{"href":"https:\/\/www.anofm.ro\/neamt\/wp-json\/wp\/v2\/media?parent=117"}],"wp:term":[{"taxonomy":"category","embeddable":true,"href":"https:\/\/www.anofm.ro\/neamt\/wp-json\/wp\/v2\/categories?post=117"},{"taxonomy":"post_tag","embeddable":true,"href":"https:\/\/www.anofm.ro\/neamt\/wp-json\/wp\/v2\/tags?post=117"}],"curies":[{"name":"wp","href":"https:\/\/api.w.org\/{rel}","templated":true}]}}