{"id":113,"date":"2020-04-02T00:00:00","date_gmt":"2020-04-01T21:00:00","guid":{"rendered":"https:\/\/www.anofm.ro\/neamt\/documente-necesare-pentru-acordarea-somajului-tehnic-potrivit-oug-nr-30-2020-modificata-prin-oug-nr-32-2020\/"},"modified":"2020-04-02T00:00:00","modified_gmt":"2020-04-01T21:00:00","slug":"documente-necesare-pentru-acordarea-somajului-tehnic-potrivit-oug-nr-30-2020-modificata-prin-oug-nr-32-2020","status":"publish","type":"post","link":"https:\/\/www.anofm.ro\/neamt\/documente-necesare-pentru-acordarea-somajului-tehnic-potrivit-oug-nr-30-2020-modificata-prin-oug-nr-32-2020\/","title":{"rendered":"Documente necesare pentru acordarea \u015fomajului tehnic potrivit OUG nr. 30\/2020 modificat\u0103 prin OUG nr. 32\/2020"},"content":{"rendered":"<p class=\"\" style=\"margin-top: 0px;margin-bottom: 1rem;font-family: -apple-system, BlinkMacSystemFont,\">\n<p class=\"MsoNormal\" style=\"text-align:justify\">Documentele necesare acord\u0103rii<br \/>\n\u0219omajului tehnic pentru angaja\u021bii c\u0103rora li s-a suspendat temporar contractul<br \/>\nindividual de munc\u0103 din ini\u021biativa angajatorului, potrivit art. 52 alin. (1)<br \/>\nlit. c) din Legea nr. 53\/2003 &#8211; Codul muncii, se vor desc\u0103rca \u015fi vor fi<br \/>\ntransmise Agen\u0163iei Jude\u0163ene pentru Ocuparea For\u0163ei de Munc\u0103 Neam\u0163 acces\u00e2nd link-ul:<span>\u00a0\u00a0<\/span><a href=\"https:\/\/aici.gov.ro\/\" target=\"_blank\" rel=\"noopener\">https:\/\/aici.gov.ro\/<\/a><\/p>\n<p class=\"MsoNormal\" style=\"text-align:justify\">\u00cen platforma digital\u0103 se<br \/>\nreg\u0103sesc:<\/p>\n<p class=\"MsoNormal\" style=\"text-align:justify\">&#8211; cererea pentru acordarea<br \/>\n\u015fomajului tehnic \u015fi declara\u0163ia pe propria<br \/>\nr\u0103spundere a angajatorului<\/p>\n<p class=\"MsoNormal\" style=\"text-align:justify\">\n<p class=\"MsoNormal\" style=\"text-align:justify\">&#8211; lista persoanelor persoanelor<br \/>\nc\u0103rora li s-a suspendat contractul individual de munc\u0103, din ini\u021biativa<br \/>\nangajatorului, potrivit art. 52 alin. (1) lit. c) din Legea nr. 53\/2003 &#8211; Codul<br \/>\nmuncii<\/p>\n<p><a target=\"_blank\" href=\"\/upload\/12052\/Ghid-de-Utilizare_platforma_aici.gov.ro.pdf\" rel=\"noopener\">Ghid de utilizare platforma aici.gov.ro<\/a><\/p><\/p>\n","protected":false},"excerpt":{"rendered":"<p>Documente necesare pentru acordarea \u015fomajului tehnic potrivit OUG nr. 30\/2020 modificat\u0103 prin OUG nr. 32\/2020, aici.gov.ro<\/p>\n","protected":false},"author":0,"featured_media":0,"comment_status":"closed","ping_status":"closed","sticky":false,"template":"","format":"standard","meta":{"footnotes":""},"categories":[9],"tags":[],"class_list":["post-113","post","type-post","status-publish","format-standard","hentry","category-comunicate-de-presa"],"_links":{"self":[{"href":"https:\/\/www.anofm.ro\/neamt\/wp-json\/wp\/v2\/posts\/113","targetHints":{"allow":["GET"]}}],"collection":[{"href":"https:\/\/www.anofm.ro\/neamt\/wp-json\/wp\/v2\/posts"}],"about":[{"href":"https:\/\/www.anofm.ro\/neamt\/wp-json\/wp\/v2\/types\/post"}],"replies":[{"embeddable":true,"href":"https:\/\/www.anofm.ro\/neamt\/wp-json\/wp\/v2\/comments?post=113"}],"version-history":[{"count":0,"href":"https:\/\/www.anofm.ro\/neamt\/wp-json\/wp\/v2\/posts\/113\/revisions"}],"wp:attachment":[{"href":"https:\/\/www.anofm.ro\/neamt\/wp-json\/wp\/v2\/media?parent=113"}],"wp:term":[{"taxonomy":"category","embeddable":true,"href":"https:\/\/www.anofm.ro\/neamt\/wp-json\/wp\/v2\/categories?post=113"},{"taxonomy":"post_tag","embeddable":true,"href":"https:\/\/www.anofm.ro\/neamt\/wp-json\/wp\/v2\/tags?post=113"}],"curies":[{"name":"wp","href":"https:\/\/api.w.org\/{rel}","templated":true}]}}