{"id":112,"date":"2020-03-24T00:00:00","date_gmt":"2020-03-23T22:00:00","guid":{"rendered":"https:\/\/www.anofm.ro\/neamt\/informare-pentru-angajatorii-care-vor-solicita-decontarea-sumelor-pentru-plata-indemnizatiei-prevazute-de-legea-nr-19-2020-din-fondul-de-garantare-pentru-plata-creantelor-salariale\/"},"modified":"2020-03-24T00:00:00","modified_gmt":"2020-03-23T22:00:00","slug":"informare-pentru-angajatorii-care-vor-solicita-decontarea-sumelor-pentru-plata-indemnizatiei-prevazute-de-legea-nr-19-2020-din-fondul-de-garantare-pentru-plata-creantelor-salariale","status":"publish","type":"post","link":"https:\/\/www.anofm.ro\/neamt\/informare-pentru-angajatorii-care-vor-solicita-decontarea-sumelor-pentru-plata-indemnizatiei-prevazute-de-legea-nr-19-2020-din-fondul-de-garantare-pentru-plata-creantelor-salariale\/","title":{"rendered":"INFORMARE &#8211; pentru angajatorii care vor solicita decontarea sumelor pentru plata indemniza\u0163iei prev\u0103zute de Legea nr.19\/2020 din Fondul de garantare pentru plata crean\u0163elor salariale"},"content":{"rendered":"<p class=\"MsoNormal\" align=\"center\" style=\"text-align:center;text-indent:.15pt\"><b><span lang=\"RO\" style=\"font-size:14.0pt;line-height:115%;font-family:\">I N F O R M A R E<\/span><\/b><\/p>\n<p class=\"MsoNormal\" align=\"center\" style=\"margin-bottom:0cm;margin-bottom:.0001pt;text-align:center;line-height:normal\"><b><span lang=\"RO\" style=\"font-size:14.0pt;font-family:\">pentru<br \/>\nangajatorii care vor solicita decontarea sumelor pentru plata indemniza\u0163iei<br \/>\nprev\u0103zute de Legea nr.19\/2020 din Fondul de garantare pentru plata crean\u0163elor<br \/>\nsalariale constituit potrivit Legii nr.200\/2006<\/span><\/b><\/p>\n<p class=\"MsoNormal\" style=\"margin-bottom:0cm;margin-bottom:.0001pt;line-height:normal\"><b><span lang=\"RO\" style=\"font-size:14.0pt;font-family:\">\u00a0<\/span><\/b><\/p>\n<p class=\"MsoNormal\" style=\"margin-bottom:0cm;margin-bottom:.0001pt;line-height:normal\"><b><span lang=\"RO\" style=\"font-size:14.0pt;font-family:\">\u00a0<\/span><\/b><\/p>\n<p class=\"MsoNormal\" style=\"text-align:justify;line-height:normal\"><span lang=\"RO\" style=\"font-size:14.0pt;font-family:\">Av\u00e2nd \u00een vedere prevederile<br \/>\nart.3 alin.(3) din Legea nr.19\/2020 privind acordarea unor zile libere p\u0103rin\u0163ilor<br \/>\npentru supravegherea copiilor, \u00een situa\u0163ia \u00eenchiderii temporare a unit\u0103\u0163ilor de<br \/>\n\u00eenv\u0103\u0163\u0103m\u00e2nt, <i>sumele pentru plata indemniza\u0163iei<br \/>\nprev\u0103zute de Legea nr.19\/2020 se deconteaz\u0103 din Fondul de garantare pentru<br \/>\nplata crean\u0163elor salariale <\/i>constituit potrivit Legii nr.200\/2006.<\/span><\/p>\n<p class=\"MsoNormal\" style=\"margin-bottom:6.0pt;text-align:justify;line-height:normal\"><span lang=\"RO\" style=\"font-size:14.0pt;font-family:\">Pentru<br \/>\ndecontarea acestor sume angajatorul va depune la Agen\u0163ia Jude\u0163ean\u0103 pentru<br \/>\nOcuparea For\u0163ei de Munc\u0103 \u00een a c\u0103rei raz\u0103 teritorial\u0103 \u00ee\u015fi desf\u0103\u015foar\u0103 activitatea<br \/>\n<i>cerere \u00eenso\u0163it\u0103 de urm\u0103toarele documente<\/i><br \/>\n:<\/span><\/p>\n<p class=\"MsoNormalCxSpMiddle\" style=\"margin-top:0cm;margin-right:0cm;margin-bottom:0cm;margin-left:36.0pt;margin-bottom:.0001pt;text-align:justify;text-indent:-18.0pt;line-height:normal\"><span lang=\"RO\" style=\"font-size:14.0pt;font-family:\"><span>&#8211;<span style=\"font:7.0pt\">\u00a0\u00a0\u00a0\u00a0\u00a0<br \/>\n<\/span><\/span><\/span><span lang=\"RO\" style=\"font-size:14.0pt;font-family:\">Lista angaja\u0163ilor care au beneficiat de<br \/>\nzilele libere, precum \u015fi indemniza\u0163ia acordat\u0103 pe aceast\u0103 perioad\u0103,<\/span><\/p>\n<p class=\"MsoNormalCxSpMiddle\" style=\"margin-top:0cm;margin-right:0cm;margin-bottom:0cm;margin-left:36.0pt;margin-bottom:.0001pt;text-align:justify;text-indent:-18.0pt;line-height:normal\"><span lang=\"RO\" style=\"font-size:14.0pt;font-family:\"><span>&#8211;<span style=\"font:7.0pt\">\u00a0\u00a0\u00a0\u00a0\u00a0<br \/>\n<\/span><\/span><\/span><span lang=\"RO\" style=\"font-size:14.0pt;font-family:\">Copii de pe statele de plat\u0103 din care s\u0103<br \/>\nreiese acordarea indemniza\u0163iei,<\/span><\/p>\n<p class=\"MsoNormalCxSpMiddle\" style=\"margin-top:0cm;margin-right:0cm;margin-bottom:0cm;margin-left:36.0pt;margin-bottom:.0001pt;text-align:justify;text-indent:-18.0pt;line-height:normal\"><span lang=\"RO\" style=\"font-size:14.0pt;font-family:\"><span>&#8211;<span style=\"font:7.0pt\">\u00a0\u00a0\u00a0\u00a0\u00a0<br \/>\n<\/span><\/span><\/span><span lang=\"RO\" style=\"font-size:14.0pt;font-family:\">Declara\u0163ia pe propria r\u0103spundere a<br \/>\nreprezentantului legal al angajatorului prin care se atest\u0103 c\u0103 lista angaja\u0163ilor<br \/>\ncare au beneficiat de zilele libere con\u0163ine persoanele care \u00eendeplinesc condi\u0163iile<br \/>\nreglementate la art.2 alin.(2) din Legea nr.19\/2020,<\/span><\/p>\n<p class=\"MsoNormalCxSpMiddle\" style=\"margin-top:0cm;margin-right:0cm;margin-bottom:0cm;margin-left:35.7pt;margin-bottom:.0001pt;text-align:justify;text-indent:-17.85pt;line-height:normal\"><span lang=\"RO\" style=\"font-size:14.0pt;font-family:\"><span>&#8211;<span style=\"font:7.0pt\">\u00a0\u00a0\u00a0\u00a0\u00a0<br \/>\n<\/span><\/span><\/span><span lang=\"RO\" style=\"font-size:14.0pt;font-family:\">Dovada pl\u0103\u0163ii contribu\u0163iilor \u015fi<br \/>\nimpozitelor aferente lunii \u00een care s-a pl\u0103tit indemniza\u0163ia.<\/span><\/p>\n<p class=\"MsoNormal\" style=\"margin-top:12.0pt;margin-right:0cm;margin-bottom:6.0pt;margin-left:0cm;text-align:justify;line-height:normal\"><span lang=\"RO\" style=\"font-size:14.0pt;font-family:\">Cererea depus\u0103 la agen\u0163ie va fi<br \/>\ndatat\u0103 \u015fi semnat\u0103 de reprezentantul legal \u015fi va con\u0163ine obligatoriu urm\u0103toarele<br \/>\nelemente:<\/span><\/p>\n<p class=\"MsoNormalCxSpMiddle\" style=\"margin-top:0cm;margin-right:0cm;margin-bottom:0cm;margin-left:36.0pt;margin-bottom:.0001pt;text-align:justify;text-indent:-18.0pt;line-height:normal\"><span lang=\"RO\" style=\"font-size:14.0pt;font-family:\"><span>&#8211;<span style=\"font:7.0pt\">\u00a0\u00a0\u00a0\u00a0\u00a0<br \/>\n<\/span><\/span><\/span><span lang=\"RO\" style=\"font-size:14.0pt;font-family:\">Datele de identificare ale<br \/>\nangajatorului, inclusiv adresa de e-mail,<\/span><\/p>\n<p class=\"MsoNormalCxSpMiddle\" style=\"margin-top:0cm;margin-right:0cm;margin-bottom:0cm;margin-left:36.0pt;margin-bottom:.0001pt;text-align:justify;text-indent:-18.0pt;line-height:normal\"><span lang=\"RO\" style=\"font-size:14.0pt;font-family:\"><span>&#8211;<span style=\"font:7.0pt\">\u00a0\u00a0\u00a0\u00a0\u00a0<br \/>\n<\/span><\/span><\/span><span lang=\"RO\" style=\"font-size:14.0pt;font-family:\">Contul bancar,<\/span><\/p>\n<p class=\"MsoNormalCxSpMiddle\" style=\"margin-top:0cm;margin-right:0cm;margin-bottom:0cm;margin-left:36.0pt;margin-bottom:.0001pt;text-align:justify;text-indent:-18.0pt;line-height:normal\"><span lang=\"RO\" style=\"font-size:14.0pt;font-family:\"><span>&#8211;<span style=\"font:7.0pt\">\u00a0\u00a0\u00a0\u00a0\u00a0<br \/>\n<\/span><\/span><\/span><span lang=\"RO\" style=\"font-size:14.0pt;font-family:\">Numele reprezentantului legal al<br \/>\nangajatorului,<\/span><\/p>\n<p class=\"MsoNormalCxSpMiddle\" style=\"margin-top:0cm;margin-right:0cm;margin-bottom:0cm;margin-left:36.0pt;margin-bottom:.0001pt;text-align:justify;text-indent:-18.0pt;line-height:normal\"><span lang=\"RO\" style=\"font-size:14.0pt;font-family:\"><span>&#8211;<span style=\"font:7.0pt\">\u00a0\u00a0\u00a0\u00a0\u00a0<br \/>\n<\/span><\/span><\/span><span lang=\"RO\" style=\"font-size:14.0pt;font-family:\">Suma total\u0103 solicitat\u0103,<\/span><\/p>\n<p class=\"MsoNormalCxSpMiddle\" style=\"margin-top:0cm;margin-right:0cm;margin-bottom:12.0pt;margin-left:35.7pt;text-align:justify;text-indent:-17.85pt;line-height:normal\"><span lang=\"RO\" style=\"font-size:14.0pt;font-family:\"><span>&#8211;<span style=\"font:7.0pt\">\u00a0\u00a0\u00a0\u00a0\u00a0<br \/>\n<\/span><\/span><\/span><span lang=\"RO\" style=\"font-size:14.0pt;font-family:\">Numarul angajatilor pentru care s-a<br \/>\nsolicitat suma. <\/span><\/p>\n<p class=\"MsoNormalCxSpMiddle\" style=\"margin-top:0cm;margin-right:0cm;margin-bottom:12.0pt;margin-left:17.85pt;text-align:justify;line-height:normal\"><span lang=\"RO\" style=\"font-size:14.0pt;font-family:\">\u00a0<\/span><\/p>\n<p class=\"MsoNormal\" style=\"text-align:justify;line-height:normal\"><span lang=\"RO\" style=\"font-size:14.0pt;font-family:\">Documentele men\u0163ionate mai sus<br \/>\nse vor transmite prin post\u0103 electronic\u0103 la adresa de e-mail: <\/span><span lang=\"RO\"><a href=\"mailto:neamt@anofm.gov.ro\"><span style=\"font-size:14.0pt;font-family:\">manuela.toma@nt.anofm.ro<\/span><\/a><\/span><span lang=\"RO\" style=\"font-size:14.0pt;font-family:\"><span>\u00a0 <\/span>sau prin orice alt mijloc de comunicare la<br \/>\nadresa Piatra Neam\u0163, str. Privighetorii, nr.21, Bl.B13-parter, \u00een cel mult 30<br \/>\nde zile de la data efectu\u0103rii pla\u0163ii contribu\u0163iilor \u015fi impozitelor aferente indemniza\u0163iei,<br \/>\niar decontarea sumelor pl\u0103tite cu titlu de indemniza\u0163ie se va face \u00een termen de<br \/>\n60 de zile calendaristice de la data \u00eenregistr\u0103rii documentelor depuse.<\/span><\/p>\n<p class=\"MsoNormal\" align=\"center\" style=\"margin-bottom:0cm;margin-bottom:.0001pt;text-align:center;line-height:normal\"><span lang=\"RO\" style=\"font-size:14.0pt;font-family:\">Informa\u0163ii suplimentare se pot ob\u0163ine<br \/>\nla nr. de telefon 0233\/228156.<\/span><\/p>\n","protected":false},"excerpt":{"rendered":"<p>decontarea sumelor pentru plata indemniza\u0163iei prev\u0103zute de Legea nr.19\/2020 din Fondul de garantare pentru plata crean\u0163elor salariale constituit potrivit Legii nr.200\/2006<\/p>\n","protected":false},"author":0,"featured_media":0,"comment_status":"closed","ping_status":"closed","sticky":false,"template":"","format":"standard","meta":{"footnotes":""},"categories":[9],"tags":[],"class_list":["post-112","post","type-post","status-publish","format-standard","hentry","category-comunicate-de-presa"],"_links":{"self":[{"href":"https:\/\/www.anofm.ro\/neamt\/wp-json\/wp\/v2\/posts\/112","targetHints":{"allow":["GET"]}}],"collection":[{"href":"https:\/\/www.anofm.ro\/neamt\/wp-json\/wp\/v2\/posts"}],"about":[{"href":"https:\/\/www.anofm.ro\/neamt\/wp-json\/wp\/v2\/types\/post"}],"replies":[{"embeddable":true,"href":"https:\/\/www.anofm.ro\/neamt\/wp-json\/wp\/v2\/comments?post=112"}],"version-history":[{"count":0,"href":"https:\/\/www.anofm.ro\/neamt\/wp-json\/wp\/v2\/posts\/112\/revisions"}],"wp:attachment":[{"href":"https:\/\/www.anofm.ro\/neamt\/wp-json\/wp\/v2\/media?parent=112"}],"wp:term":[{"taxonomy":"category","embeddable":true,"href":"https:\/\/www.anofm.ro\/neamt\/wp-json\/wp\/v2\/categories?post=112"},{"taxonomy":"post_tag","embeddable":true,"href":"https:\/\/www.anofm.ro\/neamt\/wp-json\/wp\/v2\/tags?post=112"}],"curies":[{"name":"wp","href":"https:\/\/api.w.org\/{rel}","templated":true}]}}