{"id":111,"date":"2020-03-24T00:00:00","date_gmt":"2020-03-23T22:00:00","guid":{"rendered":"https:\/\/www.anofm.ro\/neamt\/informare-pentru-beneficiarii-de-indemnizatii-prevazute-de-oug-nr-30-si-32-2020-somaj-tehnic-care-se-suporta-din-bugetul-asigurarilor-pentru-somaj\/"},"modified":"2020-03-24T00:00:00","modified_gmt":"2020-03-23T22:00:00","slug":"informare-pentru-beneficiarii-de-indemnizatii-prevazute-de-oug-nr-30-si-32-2020-somaj-tehnic-care-se-suporta-din-bugetul-asigurarilor-pentru-somaj","status":"publish","type":"post","link":"https:\/\/www.anofm.ro\/neamt\/informare-pentru-beneficiarii-de-indemnizatii-prevazute-de-oug-nr-30-si-32-2020-somaj-tehnic-care-se-suporta-din-bugetul-asigurarilor-pentru-somaj\/","title":{"rendered":"INFORMARE &#8211; pentru beneficiarii de indemnizatii prevazute de OUG nr.30 \u015fi 32\/2020 (somaj tehnic) care se suporta din bugetul asigurarilor pentru somaj"},"content":{"rendered":"<p class=\"MsoNormal\" align=\"center\" style=\"text-align:center;text-indent:.15pt\"><b style=\"text-indent: 0.15pt\"><span lang=\"RO\" style=\"font-size:14.0pt;line-height:115%\">I N F O R M A R E<\/span><\/b><\/p>\n<p class=\"MsoNormal\" align=\"center\" style=\"margin-bottom:0cm;margin-bottom:.0001pt;text-align:center;line-height:normal\"><b><span lang=\"RO\" style=\"font-size:14.0pt\">pentru beneficiarii de indemnizatii prevazute<br \/>\nde OUG nr.30\/2020<\/span><\/b><\/p>\n<p class=\"MsoNormal\" align=\"center\" style=\"margin-bottom:0cm;margin-bottom:.0001pt;text-align:center;line-height:normal\"><b><span lang=\"RO\" style=\"font-size:14.0pt\">(somaj tehnic) care se suporta din bugetul<br \/>\nasigurarilor pentru somaj<\/span><\/b><\/p>\n<p class=\"MsoNormal\" align=\"center\" style=\"margin-bottom:0cm;margin-bottom:.0001pt;text-align:center;line-height:normal\"><\/p>\n<p class=\"MsoNormal\" style=\"text-align:justify\"><span lang=\"RO\" style=\"font-size:14.0pt;line-height:115%;font-family:\">OUG nr.30\/2020<br \/>\ncare reglementeaz\u0103 \u015fomajul tehnic a fost modificat\u0103 \u015fi completat\u0103 prin OUG<br \/>\nnr.32 publicat\u0103 \u00een Monitorul Oficial nr.260 din 30.03.2020.<\/span><\/p>\n<p class=\"MsoNormal\" style=\"text-align:justify\"><span lang=\"RO\" style=\"font-size:14.0pt;line-height:115%;font-family:\">Potrivit noului<br \/>\nact normativ, <i>\u201e<b>De prevederile art.XI alin.(1) din OUG nr.30\/2020 beneficiaz\u0103 salaria\u0163ii<br \/>\nangajatorilor care reduc sau \u00eentrerup temporar activitatea total sau partial ca<br \/>\nurmare a efectelor epidemiei coronavirusului SARS-CoV-2, pe perioada st\u0103rii de<br \/>\nurgen\u0163\u0103 decretate, conform unei declara\u0163ii pe propria r\u0103spundere a<br \/>\nangajatorului<\/b>\u201d, <\/i>respectiv de indemniza\u0163ia de 75% din salariul de baz\u0103<br \/>\ncorespunz\u0103tor locului de munc\u0103 ocupat, dar nu mai mult de 75 % din c\u00e2\u015ftigul<br \/>\nsalarial mediu brut prev\u0103zut de Legea bugetului asigurarilor sociale de stat pe<br \/>\nanul 2020 nr.6\/2020, care se acord\u0103 din bugetul asigur\u0103rilor pentru \u015fomaj pe<br \/>\nperioada st\u0103rii de urgen\u0163\u0103 pentru perioada suspend\u0103rii temporare a contractului<br \/>\nindividual de munc\u0103, din initia\u0163iva angajatorului, potrivit art.52 alin.(1)<br \/>\nlit.c) din Legea nr.53\/2003 &#8211; Codul muncii.<\/span><\/p>\n<p class=\"MsoNormal\" style=\"text-align: justify\"><font face=\"Times New Roman\" style=\"font-size: 18px\">Documentele necesare acord\u0103rii \u0219omajului tehnic pentru<br \/>\nangaja\u021bii c\u0103rora li s-a suspendat temporar contractul individual de munc\u0103 din<br \/>\nini\u021biativa angajatorului, potrivit art. 52 alin. (1) lit. c) din Legea nr.<br \/>\n53\/2003 &#8211; Codul muncii, se vor desc\u0103rca \u015fi vor fi transmise Agen\u0163iei Jude\u0163ene pentru Ocuparea For\u0163ei de Munc\u0103 Neam\u0163 acces\u00e2nd link-ul:\u00a0<br \/>\n<a href=\"https:\/\/aici.gov.ro\/\" target=\"_blank\" rel=\"noopener\">https:\/\/aici.gov.ro\/<\/a><\/font><\/p>\n<p class=\"MsoNormal\"><font style=\"font-size: 18px\"><font face=\"Times New Roman\" style=\"font-size: 18px\">\u00a0<\/font><span style=\"font-family:\">\u00cen platforma digital\u0103 se reg\u0103sesc:<\/span><\/font><\/p>\n<p class=\"MsoNormal\">\n<p class=\"MsoNormal\" style=\"text-align:justify\"><span style=\"font-size: 18px;font-family:\">&#8211; cererea pentru acordarea<br \/>\n\u015fomajului tehnic \u015fi d<\/span><span style=\"font-size: 18px;font-family:\">eclara\u0163ia pe propria<br \/>\nr\u0103spundere a angajatorului<\/span><\/p>\n<p class=\"MsoNormal\" style=\"margin-bottom:0cm;margin-bottom:.0001pt;text-align:justify\">\n<p class=\"MsoNormal\" style=\"text-align:justify\"><font style=\"font-size: 18px\" face=\"Times New Roman\">&#8211; lista persoanelor persoanelor<br \/>\nc\u0103rora li s-a suspendat contractul individual de munc\u0103, din ini\u021biativa<br \/>\nangajatorului, potrivit art. 52 alin. (1) lit. c) din Legea nr. 53\/2003 &#8211; Codul<br \/>\nmuncii.\u00a0<\/font><\/p>\n<p><span style=\"font-family:\">Potrivit<br \/>\nprevederilor art.XIII din O.U.G. nr.30\/2020, modificat\u0103 \u015fi completat\u0103 prin OUG<br \/>\nnr.32\/2020, documentele necesare pl\u0103\u0163ii \u015fomajului tehnic se vor depune la agen\u0163ie<br \/>\n\u00een luna curent\u0103 pentru plata indemniza\u0163iei din luna anterioar\u0103, iar plata din<br \/>\nbugetul asigur\u0103rilor pentru \u015fomaj se va face \u00een cel mult 15 de zile de la<br \/>\ndepunerea documentelor.<\/span><\/p>\n<p class=\"MsoNormal\" style=\"margin-bottom:0cm;margin-bottom:.0001pt;text-align:justify\"><span style=\"font-size:14.0pt;line-height:115%;font-family:\">Informa\u0163ii suplimentare se pot ob\u0163ine la nr. de<br \/>\ntelefon 0233\/228156, <\/span><\/p>\n<p class=\"MsoNormal\" style=\"margin-bottom:0cm;margin-bottom:.0001pt;text-align:justify\"><span style=\"font-size:14.0pt;line-height:115%;font-family:\"><span lang=\"RO\">si de pe <\/span><\/span><span style=\"font-size:14.0pt;line-height:115%;font-family:\">site-ul institu\u0163iei\u00a0<\/span><span style=\"font-family:\">https:\/\/www.anofm.ro\/?agentie=Neamt&amp;page=0<\/span><\/p>\n<p><\/p>\n<p><a target=\"_blank\" href=\"\/upload\/12052\/Ghid-de-Utilizare_platforma_aici.gov.ro.pdf\" rel=\"noopener\">Ghid de utilizare platforma aici.gov.ro<\/a><\/p>\n<\/p>\n<p style=\"font-size: 12px\">\n<\/p>\n<p><a target=\"_blank\" href=\"\/upload\/11706\/OUG_nr._32_din_2020_pentru_modificarea_OUG_30_din_2020.pdf\" rel=\"noopener\"><font style=\"font-size: 18px\">Ordonan\u0163a de Urgen\u0163\u0103 a Guvernului nr. 32 \/ 2020<\/font><\/a><\/p>\n<p><font style=\"font-size: 18px\"><a target=\"_blank\" href=\"\/upload\/11706\/ORDONANTA_DE_URGENTA_30_18-03-2020.pdf\" rel=\"noopener\">Ordonan\u0163a de Urgen\u0163\u0103 a Guvernului nr. 30 \/ 2020<\/a><\/font><\/p>\n<p><span style=\"font-size: 18px\"><a target=\"_blank\" href=\"\/upload\/11706\/Ordin_aprobare_anexe_OUG30-2020.pdf\" rel=\"noopener\">Ordin al ministrului MMPS privind aprobarea documentelor prev\u0103zute \u00een OUG 30\/2020<\/a><\/span><\/p>\n<p><\/p>\n<\/p>\n<p class=\"MsoNormal\"><span lang=\"RO\"><\/span><\/p>\n<\/p><\/p>\n","protected":false},"excerpt":{"rendered":"<p>INFORMARE &#8211; pentru beneficiarii de indemnizatii prevazute de OUG nr.30\/2020 (somaj tehnic) care se suporta din bugetul asigurarilor pentru somaj<\/p>\n","protected":false},"author":0,"featured_media":0,"comment_status":"closed","ping_status":"closed","sticky":false,"template":"","format":"standard","meta":{"footnotes":""},"categories":[9],"tags":[],"class_list":["post-111","post","type-post","status-publish","format-standard","hentry","category-comunicate-de-presa"],"_links":{"self":[{"href":"https:\/\/www.anofm.ro\/neamt\/wp-json\/wp\/v2\/posts\/111","targetHints":{"allow":["GET"]}}],"collection":[{"href":"https:\/\/www.anofm.ro\/neamt\/wp-json\/wp\/v2\/posts"}],"about":[{"href":"https:\/\/www.anofm.ro\/neamt\/wp-json\/wp\/v2\/types\/post"}],"replies":[{"embeddable":true,"href":"https:\/\/www.anofm.ro\/neamt\/wp-json\/wp\/v2\/comments?post=111"}],"version-history":[{"count":0,"href":"https:\/\/www.anofm.ro\/neamt\/wp-json\/wp\/v2\/posts\/111\/revisions"}],"wp:attachment":[{"href":"https:\/\/www.anofm.ro\/neamt\/wp-json\/wp\/v2\/media?parent=111"}],"wp:term":[{"taxonomy":"category","embeddable":true,"href":"https:\/\/www.anofm.ro\/neamt\/wp-json\/wp\/v2\/categories?post=111"},{"taxonomy":"post_tag","embeddable":true,"href":"https:\/\/www.anofm.ro\/neamt\/wp-json\/wp\/v2\/tags?post=111"}],"curies":[{"name":"wp","href":"https:\/\/api.w.org\/{rel}","templated":true}]}}