{"id":110,"date":"2020-03-24T00:00:00","date_gmt":"2020-03-23T22:00:00","guid":{"rendered":"https:\/\/www.anofm.ro\/neamt\/informare-pentru-beneficiarii-de-drepturi-care-se-suporta-din-bugetul-asigurarilor-pentru-somaj\/"},"modified":"2025-06-05T10:14:24","modified_gmt":"2025-06-05T07:14:24","slug":"informare-pentru-beneficiarii-de-drepturi-care-se-suporta-din-bugetul-asigurarilor-pentru-somaj","status":"publish","type":"post","link":"https:\/\/www.anofm.ro\/neamt\/informare-pentru-beneficiarii-de-drepturi-care-se-suporta-din-bugetul-asigurarilor-pentru-somaj\/","title":{"rendered":"INFORMARE &#8211; pentru beneficiarii de drepturi care se suporta din bugetul asigurarilor pentru somaj"},"content":{"rendered":"<p class=\"MsoNormal\" style=\"text-align: center;text-indent: .15pt\" align=\"center\"><span lang=\"RO\" style=\"font-size: 20.0pt;line-height: 115%\">I N F O R M A R E<\/span><\/p>\n<p class=\"MsoNormal\" style=\"text-align: center\" align=\"center\"><span lang=\"RO\" style=\"font-size: 14.0pt;line-height: 115%\">pentru beneficiarii de drepturi care<br \/>\nse suport\u0103 din bugetul asigur\u0103rilor pentru \u015fomaj<\/span><\/p>\n<p class=\"MsoNormal\" style=\"margin-top: 18.0pt;text-align: justify\"><span lang=\"RO\" style=\"font-size: 14.0pt;line-height: 115%\">Update:<br \/>\n<\/span><\/p>\n<p style=\"margin-left: 40px;text-align: justify\">Potrivit art.XII din OUG nr.32\/2020 care modific\u0103 \u015fi<br \/>\ncompleteaz\u0103 OUG nr.30\/2020, \u201ePe perioada st\u0103rii de urgen\u0163\u0103 instituite prin<br \/>\nDecretul nr.195\/2020 privind instituirea st\u0103rii de urgen\u0163\u0103 pe teritoriul Rom\u00e2niei,<br \/>\n<b><i>obliga\u0163ia<br \/>\nprevazut\u0103 la art.41 alin.(1) lit.a) din Legea nr.76\/2002 privind sistemul<br \/>\nasigur\u0103rilor pentru \u015fomaj \u015fi stimularea ocup\u0103rii for\u0163ei de munc\u0103, cu modific\u0103rile<br \/>\n\u015fi complet\u0103rile ulterioare, nu se aplic\u0103.\u201d<\/i><\/b> \u00een sensul c\u0103 persoanele care<br \/>\nbeneficiaz\u0103 de indemniza\u0163ie de \u015fomaj nu au obliga\u0163ia s\u0103 se prezinte lunar la<br \/>\nagen\u0163ia pentru ocuparea for\u0163ei de munc\u0103 la care sunt \u00eenregistrate \u00a0pentru a primi sprijin \u00een vederea \u00eencadr\u0103rii \u00een<br \/>\nmunc\u0103 (viza lunar\u0103).<\/p>\n<p class=\"MsoNormal\" style=\"margin-top: 18.0pt;text-align: justify\"><span lang=\"RO\" style=\"font-size: 14.0pt;line-height: 115%\">Potrivit art.X din OUG nr.30\/2020<br \/>\npentru modificarea \u015fi completarea unor acte normative, precum \u015fi pentru<br \/>\nstabilirea unor masuri \u00een domeniul protec\u0163iei sociale \u00een contextul situa\u0163iei<br \/>\nepidemiologice determinate de r\u0103sp\u00e2ndirea coronavirusului SARS-CoV-2, <b>pe perioada st\u0103rii de urgen\u0163\u0103\u00a0<\/b>instituite<br \/>\nprin Decretul nr.195\/2020 privind instituirea st\u0103rii de urgen\u0163\u0103 pe teritoriul<br \/>\nRom\u00e2niei, <b>cererile \u015fi documentele<br \/>\ndoveditoare pentru stabilirea \u015fi plata, \u00een condi\u0163iile legii, a drepturilor<br \/>\nb\u0103ne\u015fti ce se suport\u0103 din bugetul asigur\u0103rilor pentru \u015fomaj, precum \u015fi din<br \/>\nfondul de garantare pentru plata crean\u0163elor salariale pot fi depuse la Agen\u0163ia<br \/>\nJude\u0163ean\u0103 pentru Ocuparea For\u0163ei de Munc\u0103 Neam\u0163 \u00een format letric sau prin po\u015fta<br \/>\nelectronic\u0103 la urm\u0103toarele adrese:<\/b><\/span><\/p>\n<p class=\"MsoListParagraphCxSpFirst\" style=\"text-indent: -18.0pt\"><span lang=\"RO\" style=\"font-size: 14.0pt;line-height: 115%\">&#8211;<span style=\"font: 7.0pt\"><br \/>\n<\/span><\/span><span lang=\"RO\" style=\"font-size: 14.0pt;line-height: 115%\">Pentru Agen\u0163ia Jude\u0163ean\u0103 pentru Ocuparea For\u0163ei de Munc\u0103<br \/>\nNeam\u0163 &#8211; Piatra Neam\u0163, str. Privighetorii, nr.21, Bl. B13-parter, telefon<br \/>\n0233\/237780 sau 0233\/237781, fax 0233\/213424, e-mail: <a href=\"mailto:ajofm@nt.anofm.ro\">ajofm@nt.anofm.ro<\/a>,<\/span><\/p>\n<p class=\"MsoListParagraphCxSpMiddle\" style=\"text-indent: -18.0pt\"><span lang=\"RO\" style=\"font-size: 14.0pt;line-height: 115%\">&#8211;<span style=\"font: 7.0pt\"><br \/>\n<\/span><\/span><span lang=\"RO\" style=\"font-size: 14.0pt;line-height: 115%\">Pentru A<\/span><span lang=\"RO\" style=\"font-size: 14.0pt;line-height: 115%\">gen\u0163ia Local\u0103 <\/span><span lang=\"RO\" style=\"font-size: 14.0pt;line-height: 115%\">pentru Ocuparea For\u0163ei de Munc\u0103 Piatra Neam\u0163 <\/span><span lang=\"RO\" style=\"font-size: 14.0pt;line-height: 115%\">\u2013 Piatra Neam\u0163, str. Mihai Eminescu,<br \/>\nnr.37, telefon 0233\/219514, fax 0233\/215128, e-mail: <a href=\"mailto:maria.alistar@nt.anofm.ro\"><span style=\"color: blue\">maria.alistar@nt.anofm.ro<\/span><\/a><u><span style=\"color: blue\">,<\/span><\/u><\/span><\/p>\n<p class=\"MsoListParagraphCxSpMiddle\" style=\"margin-bottom: .0001pt;text-align: justify;text-indent: -18.0pt\"><span lang=\"RO\" style=\"font-size: 14.0pt;line-height: 115%\">&#8211;<span style=\"font: 7.0pt\"><br \/>\n<\/span><\/span><span lang=\"RO\" style=\"font-size: 14.0pt;line-height: 115%\">Pentru <\/span><span lang=\"RO\" style=\"font-size: 14.0pt;line-height: 115%\">A<\/span><span lang=\"RO\" style=\"font-size: 14.0pt;line-height: 115%\">gen\u0163ia<br \/>\nLocal\u0103 <\/span><span lang=\"RO\" style=\"font-size: 14.0pt;line-height: 115%\">pentru<br \/>\nOcuparea For\u0163ei de Munc\u0103 T\u00e2rgu Neam\u0163 &#8211; Targu Neam\u0163, str. \u015etefan cel Mare, nr.66, <\/span><span lang=\"RO\" style=\"font-size: 14.0pt;line-height: 115%\">\u00a0\u2013 telefon\/fax telefon 0233\/790583 fax 0233\/790892,<br \/>\n<\/span><span lang=\"RO\"><a href=\"mailto:ramona.radu@ntl.anofm.ro\"><span style=\"font-size: 14.0pt;line-height: 115%\">ramona.radu@ntl.anofm.ro<\/span><\/a><\/span><u><span lang=\"RO\" style=\"font-size: 14.0pt;line-height: 115%\">,<\/span><\/u><\/p>\n<p class=\"MsoListParagraphCxSpMiddle\" style=\"margin-bottom: .0001pt;text-align: justify;text-indent: -18.0pt\"><span style=\"font-size: 12.0pt;line-height: 115%\">&#8211;<span style=\"font: 7.0pt\"><br \/>\n<\/span><\/span><span lang=\"RO\" style=\"font-size: 14.0pt;line-height: 115%\">Pentru <\/span><span lang=\"RO\" style=\"font-size: 14.0pt;line-height: 115%\">A<\/span><span lang=\"RO\" style=\"font-size: 14.0pt;line-height: 115%\">gen\u0163ia<br \/>\nLocal\u0103 <\/span><span lang=\"RO\" style=\"font-size: 14.0pt;line-height: 115%\">pentru<br \/>\nOcuparea For\u0163ei de Munc\u0103 Roman \u2013 Roman, str. Olteniei, nr.23-25, telefon\/fax <\/span><span lang=\"RO\" style=\"font-size: 14.0pt;line-height: 115%\">0233\/743848 sau 0233\/743849, <\/span><span lang=\"RO\"><a href=\"mailto:alexandra.anghel@ntl.anofm.ro\"><span style=\"font-size: 14.0pt;line-height: 115%\">alexandra.anghel@ntl.anofm.ro<\/span><\/a><\/span><u><span lang=\"RO\" style=\"font-size: 14.0pt;line-height: 115%\">.<\/span><\/u><\/p>\n<p class=\"MsoListParagraphCxSpLast\" style=\"margin-bottom: .0001pt;text-align: justify\"><span style=\"font-size: 12.0pt;line-height: 115%\">\u00a0<\/span><\/p>\n<p class=\"MsoNormal\" style=\"text-align: justify\"><span style=\"font-size: 14.0pt;line-height: 115%\">Informa\u0163ii<br \/>\ndespre drepturile prev\u0103zute de Legea nr.76\/2202 privind sistemul asigur\u0103rilor<br \/>\npentru \u015fomaj \u015fi stimularea ocup\u0103rii for\u0163ei de munc\u0103 \u015fi documentele necesare<br \/>\nstabilirii \u015fi pl\u0103\u0163ii acestor drepturi prev\u0103zute \u00een actele normative date \u00een<br \/>\naplicarea legii se pot ob\u0163ine la numerele de telefon prezentate mai sus, \u00een func\u0163ie<br \/>\nde agen\u0163ia \u00een raza c\u0103reia domiciliaz\u0103 solicitantul.<\/span><\/p>\n","protected":false},"excerpt":{"rendered":"<p>INFORMARE &#8211; pentru beneficiarii de drepturi care se suporta din bugetul asigurarilor pentru somaj<\/p>\n","protected":false},"author":0,"featured_media":0,"comment_status":"closed","ping_status":"closed","sticky":false,"template":"","format":"standard","meta":{"footnotes":""},"categories":[9],"tags":[],"class_list":["post-110","post","type-post","status-publish","format-standard","hentry","category-comunicate-de-presa"],"_links":{"self":[{"href":"https:\/\/www.anofm.ro\/neamt\/wp-json\/wp\/v2\/posts\/110","targetHints":{"allow":["GET"]}}],"collection":[{"href":"https:\/\/www.anofm.ro\/neamt\/wp-json\/wp\/v2\/posts"}],"about":[{"href":"https:\/\/www.anofm.ro\/neamt\/wp-json\/wp\/v2\/types\/post"}],"replies":[{"embeddable":true,"href":"https:\/\/www.anofm.ro\/neamt\/wp-json\/wp\/v2\/comments?post=110"}],"version-history":[{"count":1,"href":"https:\/\/www.anofm.ro\/neamt\/wp-json\/wp\/v2\/posts\/110\/revisions"}],"predecessor-version":[{"id":5280,"href":"https:\/\/www.anofm.ro\/neamt\/wp-json\/wp\/v2\/posts\/110\/revisions\/5280"}],"wp:attachment":[{"href":"https:\/\/www.anofm.ro\/neamt\/wp-json\/wp\/v2\/media?parent=110"}],"wp:term":[{"taxonomy":"category","embeddable":true,"href":"https:\/\/www.anofm.ro\/neamt\/wp-json\/wp\/v2\/categories?post=110"},{"taxonomy":"post_tag","embeddable":true,"href":"https:\/\/www.anofm.ro\/neamt\/wp-json\/wp\/v2\/tags?post=110"}],"curies":[{"name":"wp","href":"https:\/\/api.w.org\/{rel}","templated":true}]}}