{"id":108,"date":"2020-03-20T00:00:00","date_gmt":"2020-03-19T22:00:00","guid":{"rendered":"https:\/\/www.anofm.ro\/neamt\/anunt-suspendare-activitate-de-audiente\/"},"modified":"2020-03-20T00:00:00","modified_gmt":"2020-03-19T22:00:00","slug":"anunt-suspendare-activitate-de-audiente","status":"publish","type":"post","link":"https:\/\/www.anofm.ro\/neamt\/anunt-suspendare-activitate-de-audiente\/","title":{"rendered":"ANUN\u0162 &#8211; suspendare activitate de audien\u0163e"},"content":{"rendered":"<h1 style=\"text-align: center\"><\/h1>\n<p class=\"MsoNormal\" align=\"center\"><b><span lang=\"RO\" style=\"line-height: 115%\"><font style=\"font-size: 28px\">ANUN\u0162<\/font><span style=\"font-size: 72pt\"><\/span><\/span><\/b><\/p>\n<p><b><span lang=\"RO\" style=\"line-height: 115%\"><font style=\"font-size: 24px\"><\/p>\n<p style=\"font-size: 10px\">\n<p><\/font><\/span><\/b><font style=\"font-size: 20px\"><span style=\"font-family: Calibri, sans-serif;text-align: center\">Din<br \/>\nmotive de siguran\u0163\u0103 medical\u0103, legate de prevenirea r\u0103sp\u00e2ndirii \u015fi infect\u0103rii cu<br \/>\nCOVID-19, Agen\u0163ia Jude\u0163ean\u0103 pentru Ocuparea For\u0163ei de Munc\u0103 Neam\u0163 anun\u0163\u0103 c\u0103 <\/span><b style=\"font-family: Calibri, sans-serif;text-align: center\"><u>activitatea de audien\u0163e va fi suspendat\u0103<br \/>\n<span style=\"color:red\">\u00eencep\u00e2nd cu data de 20.03.2020 \u015fi p\u00e2n\u0103 pe data de<br \/>\n31.03.2020<\/span><\/u><\/b><span style=\"font-family: Calibri, sans-serif;text-align: center\">, urm\u00e2nd ca, \u00een func\u0163ie de evolu\u0163ia situa\u0163iei, s\u0103 fie<br \/>\nanun\u0163ate alte decizii.<\/span><\/font><\/p>\n","protected":false},"excerpt":{"rendered":"<p>ANUN\u0162 Din motive de siguran\u0163\u0103 medical\u0103, legate de prevenirea r\u0103sp\u00e2ndirii \u015fi infect\u0103rii cu COVID-19, Agen\u0163ia Jude\u0163ean\u0103 pentru Ocuparea For\u0163ei de Munc\u0103 Neam\u0163 anun\u0163\u0103 c\u0103 activitatea de audien\u0163e va fi suspendat\u0103<\/p>\n","protected":false},"author":0,"featured_media":0,"comment_status":"closed","ping_status":"closed","sticky":false,"template":"","format":"standard","meta":{"footnotes":""},"categories":[4],"tags":[],"class_list":["post-108","post","type-post","status-publish","format-standard","hentry","category-anunturi-diverse"],"_links":{"self":[{"href":"https:\/\/www.anofm.ro\/neamt\/wp-json\/wp\/v2\/posts\/108","targetHints":{"allow":["GET"]}}],"collection":[{"href":"https:\/\/www.anofm.ro\/neamt\/wp-json\/wp\/v2\/posts"}],"about":[{"href":"https:\/\/www.anofm.ro\/neamt\/wp-json\/wp\/v2\/types\/post"}],"replies":[{"embeddable":true,"href":"https:\/\/www.anofm.ro\/neamt\/wp-json\/wp\/v2\/comments?post=108"}],"version-history":[{"count":0,"href":"https:\/\/www.anofm.ro\/neamt\/wp-json\/wp\/v2\/posts\/108\/revisions"}],"wp:attachment":[{"href":"https:\/\/www.anofm.ro\/neamt\/wp-json\/wp\/v2\/media?parent=108"}],"wp:term":[{"taxonomy":"category","embeddable":true,"href":"https:\/\/www.anofm.ro\/neamt\/wp-json\/wp\/v2\/categories?post=108"},{"taxonomy":"post_tag","embeddable":true,"href":"https:\/\/www.anofm.ro\/neamt\/wp-json\/wp\/v2\/tags?post=108"}],"curies":[{"name":"wp","href":"https:\/\/api.w.org\/{rel}","templated":true}]}}