{"id":106,"date":"2020-03-16T00:00:00","date_gmt":"2020-03-15T22:00:00","guid":{"rendered":"https:\/\/www.anofm.ro\/neamt\/masuri-prevenire-raspandire-coronavirus-covid-19\/"},"modified":"2020-03-16T00:00:00","modified_gmt":"2020-03-15T22:00:00","slug":"masuri-prevenire-raspandire-coronavirus-covid-19","status":"publish","type":"post","link":"https:\/\/www.anofm.ro\/neamt\/masuri-prevenire-raspandire-coronavirus-covid-19\/","title":{"rendered":"M\u0103suri prevenire r\u0103sp\u00e2ndire Coronavirus &#8211; COVID 19"},"content":{"rendered":"<p style=\"text-align: center\"><font style=\"font-size: 12px\">ANUN\u0162<\/font><\/p>\n<blockquote style=\"margin-top:0cm;margin-right:0cm;margin-bottom:0cm;margin-left:9.0pt;margin-bottom:.0001pt;text-align:justify;text-indent:-18.0pt;line-height:150%\"><p><font style=\"font-size: 12px\"><br \/><\/font><span style=\"line-height: 150%\"><font style=\"font-size: 12px\">\u00a0 \u00a0 \u00a0 \u00a0 \u00a0 \u00a0 In scopul gestion\u0103rii c\u00e2t mai<br \/>\neficiente a situa\u021biei provocat\u0103 de prezen\u021ba Coronavirus \u2013 COVID 19, conform<br \/>\nreglement\u0103rilor adoptate de Comitetul Na\u021bional pentru Situa\u021bii Speciale de<br \/>\nUrgen\u021b\u0103, v\u0103 inform\u0103m c\u0103 Agen\u021bia Jude\u021bean\u0103 pentru Ocuparea Fortei de Munca Neamt<br \/>\nrecomand\u0103 ca programul cu publicul s\u0103 se desf\u0103\u0219oare, pe c\u00e2t posbil, prin<br \/>\nintermediul po\u0219tei, pe cale electronic\u0103 sau prin telefon\/fax, in perioada <b>16-31 martie 2020<\/b>, cu posibilitatea<span>\u00a0 <\/span>prelungirii.<br \/><\/font><\/span><font style=\"font-size: 12px\"><span style=\"line-height: 150%\"><span>\u00a0\u00a0\u00a0\u00a0\u00a0\u00a0\u00a0 <\/span>Beneficiarii<br \/>\nserviciilor oferite de AJOFM Neamt, respectiv<span>\u00a0<br \/>\n<\/span>agentii economici pot transmite documentele privind locuruile de munca<br \/>\nvacante scanate prin email la adresa institutiei<span>\u00a0 <\/span><\/span><a href=\"mailto:ajofm@nt.anofm.ro\"><span style=\"line-height: 150%\">ajofm@nt.anofm.ro<br \/><\/span><\/a><\/font><span style=\"line-height: 150%\"><font style=\"font-size: 12px\"><span>\u00a0\u00a0\u00a0\u00a0\u00a0\u00a0\u00a0 <\/span>Pentru<br \/>\nsomerii care doresc sa se inregistreze in evidenta AJOFM Neamt sau care<br \/>\nsolicita acordarea de servicii recomandam sa se programeze telefonic sau prin<br \/>\nemail.<br \/><\/font><\/span><span style=\"line-height: 150%\"><font style=\"font-size: 12px\">Numerele de telefon si adresele de<br \/>\ne-mail destinate beneficiarilor serviciilor oferite de AJOFM Neamt sunt<br \/>\nurmatoarele:<br \/><\/font><\/span><font style=\"font-size: 12px\"><span lang=\"RO\" style=\"line-height: 150%;font-family: Symbol\"><span>\u00b7<span style=\"font-style: normal;font-variant: normal;font-weight: normal;line-height: normal;font-family:\">\u00a0<\/span><\/span><\/span><span lang=\"RO\" style=\"line-height: 150%;font-family:\">Agentia<br \/>\nLocala Piatra Neamt &#8211; telefon 0233.219514, fax 0233.215128, <\/span><span lang=\"RO\"><span style=\"line-height: 150%;font-family:\"><u>maria.alistar@nt.anofm.ro<\/u><br \/><\/span><\/span><\/font><font style=\"font-size: 12px\"><span lang=\"RO\" style=\"line-height: 150%;font-family: Symbol\"><span>\u00b7<\/span><\/span><span lang=\"RO\" style=\"line-height: 150%;font-family:\">Agentia<br \/>\nLocala Roman \u2013 telefon\/fax<span>\u00a0 <\/span>0233.743.848<br \/>\nsau 0233.743849, <\/span><span lang=\"RO\"><span style=\"line-height: 150%;font-family:\"><u>alexandra.anghel@ntl.anofm.ro<\/u><br \/><\/span><\/span><\/font><font style=\"font-size: 12px\"><span lang=\"RO\" style=\"line-height: 150%\"><span style=\"font-family: Symbol\">\u00b7<\/span><span style=\"font-family:\">\u00a0<\/span><\/span><span lang=\"RO\" style=\"line-height: 150%;font-family:\">Agentia<span>\u00a0 <\/span>Locala Tg Neamt \u2013 telefon 0233.790.583 fax<br \/>\n0233.790892, <\/span><span lang=\"RO\"><span style=\"line-height: 150%;font-family:\"><u>ramona.radu@ntl.anofm.ro<\/u><br \/><\/span><\/span><\/font><font style=\"font-size: 12px\"><span lang=\"RO\" style=\"line-height: 150%;font-family: Symbol\"><span>\u00b7<\/span><\/span><span lang=\"RO\" style=\"line-height: 150%;font-family:\">Centrul<br \/>\nde Formare Profesionala Piatra Neamt \u2013 telefon\/fax<span>\u00a0 <\/span>0233.210760, <\/span><span lang=\"RO\"><span style=\"line-height: 150%;font-family:\"><u>gabriela.negrus@nt.anofm.ro<\/u><br \/><\/span><\/span><\/font><font style=\"font-size: 12px\"><span lang=\"RO\" style=\"line-height: 150%;font-family: Symbol\"><span>\u00b7<\/span><\/span><span lang=\"RO\" style=\"line-height: 150%;font-family:\">Centrul<br \/>\nde Formare Profesionala Roman \u2013 telefon 0733.086136 sau 0233.732262, <\/span><span lang=\"RO\"><span style=\"line-height: 150%;font-family:\"><u>anca.corduneanu@nt.anofm.ro<\/u><\/p>\n<p style=\"text-align: center\"><\/p>\n<p style=\"text-align: center\">Director executiv<\/p>\n<p style=\"text-align: center\">Daniel CHIRIL\u0102<\/p>\n<p><\/p>\n<p><\/span><\/span><\/font><\/p><\/blockquote>\n","protected":false},"excerpt":{"rendered":"<p>M\u0103suri prevenire r\u0103sp\u00e2ndire Coronavirus &#8211; COVID 19, program si proceduri de lucru <\/p>\n","protected":false},"author":0,"featured_media":0,"comment_status":"closed","ping_status":"closed","sticky":false,"template":"","format":"standard","meta":{"footnotes":""},"categories":[4],"tags":[],"class_list":["post-106","post","type-post","status-publish","format-standard","hentry","category-anunturi-diverse"],"_links":{"self":[{"href":"https:\/\/www.anofm.ro\/neamt\/wp-json\/wp\/v2\/posts\/106","targetHints":{"allow":["GET"]}}],"collection":[{"href":"https:\/\/www.anofm.ro\/neamt\/wp-json\/wp\/v2\/posts"}],"about":[{"href":"https:\/\/www.anofm.ro\/neamt\/wp-json\/wp\/v2\/types\/post"}],"replies":[{"embeddable":true,"href":"https:\/\/www.anofm.ro\/neamt\/wp-json\/wp\/v2\/comments?post=106"}],"version-history":[{"count":0,"href":"https:\/\/www.anofm.ro\/neamt\/wp-json\/wp\/v2\/posts\/106\/revisions"}],"wp:attachment":[{"href":"https:\/\/www.anofm.ro\/neamt\/wp-json\/wp\/v2\/media?parent=106"}],"wp:term":[{"taxonomy":"category","embeddable":true,"href":"https:\/\/www.anofm.ro\/neamt\/wp-json\/wp\/v2\/categories?post=106"},{"taxonomy":"post_tag","embeddable":true,"href":"https:\/\/www.anofm.ro\/neamt\/wp-json\/wp\/v2\/tags?post=106"}],"curies":[{"name":"wp","href":"https:\/\/api.w.org\/{rel}","templated":true}]}}