{"id":101,"date":"2020-01-13T00:00:00","date_gmt":"2020-01-12T22:00:00","guid":{"rendered":"https:\/\/www.anofm.ro\/neamt\/2020-a-j-o-f-m-neamt-organizeaza-selectie-pentru-studentii-care-doresc-sa-lucreze-in-germania-pe-perioada-vacantei-de-vara\/"},"modified":"2020-01-13T00:00:00","modified_gmt":"2020-01-12T22:00:00","slug":"2020-a-j-o-f-m-neamt-organizeaza-selectie-pentru-studentii-care-doresc-sa-lucreze-in-germania-pe-perioada-vacantei-de-vara","status":"publish","type":"post","link":"https:\/\/www.anofm.ro\/neamt\/2020-a-j-o-f-m-neamt-organizeaza-selectie-pentru-studentii-care-doresc-sa-lucreze-in-germania-pe-perioada-vacantei-de-vara\/","title":{"rendered":"2020 &#8211; A.J.O.F.M. Neam\u0163 organizeaz\u0103 selec\u0163ie pentru studen\u0163ii care doresc s\u0103 lucreze \u00een Germania pe perioada vacan\u0163ei de var\u0103"},"content":{"rendered":"<p><span style=\"font-family:\">Agen\u021bia Jude\u021bean\u0103 pentru Ocuparea For\u021bei de Munc\u0103 Neam\u021b organizeaz\u0103 selec\u021bie pentru studen\u021bii care doresc s\u0103 desf\u0103\u0219oare o activitate lucrativ\u0103 pe teritoriul Germaniei pe perioada vacan\u021bei de var\u0103 2020 (minim 2 luni).<\/span><\/p>\n<p><a target=\"_blank\" href=\"\/upload\/10669\/Adresa_selectie_studenti_Germania_2020_AJOFM_Neamt.pdf\" rel=\"noopener\">Comunicat de pres\u0103<\/a><\/p>\n<p><a target=\"_blank\" href=\"\/upload\/10669\/Preciz%C4%83ri_%C5%9Fi_instruc%C5%A3iuni_de_completare_a_fisei_de_solicitare.pdf\" rel=\"noopener\">Preciz\u0103ri \u015fi instruc\u0163iuni de completare a fisei de solicitare<\/a><\/p>\n<p><a target=\"_blank\" href=\"\/upload\/10669\/Precizari_si_instructiuni_de_completare_a_adeverintei_de_student.pdf\" rel=\"noopener\">Precizari \u015fi instructiuni de completare a adeverintei de student<\/a><\/p>\n<p><a target=\"_blank\" href=\"\/upload\/10669\/Foaie_informativa_pentru_studenti.pdf\" rel=\"noopener\">Foaie informativa pentru studenti<\/a><\/p>\n<\/p>\n<p><a target=\"_blank\" href=\"\/upload\/10669\/MerkblattFerien.pdf\" rel=\"noopener\">Merkblatt<\/a><\/p>\n<p><a target=\"_blank\" href=\"\/upload\/10669\/B-Immatrikulation-en_ba015238.pdf\" rel=\"noopener\">B-Immatrikulation-en<\/a><\/p>\n<p><a target=\"_blank\" href=\"\/upload\/10669\/Bewerbungsbogen.pdf\" rel=\"noopener\">Bewerbungsbogen<\/a><\/p>\n","protected":false},"excerpt":{"rendered":"<p>&nbsp;selec\u0163ie pentru studen\u0163ii care doresc s\u0103 lucreze \u00een Germania pe perioada vacan\u0163ei de var\u0103<\/p>\n","protected":false},"author":0,"featured_media":0,"comment_status":"closed","ping_status":"closed","sticky":false,"template":"","format":"standard","meta":{"footnotes":""},"categories":[9],"tags":[],"class_list":["post-101","post","type-post","status-publish","format-standard","hentry","category-comunicate-de-presa"],"_links":{"self":[{"href":"https:\/\/www.anofm.ro\/neamt\/wp-json\/wp\/v2\/posts\/101","targetHints":{"allow":["GET"]}}],"collection":[{"href":"https:\/\/www.anofm.ro\/neamt\/wp-json\/wp\/v2\/posts"}],"about":[{"href":"https:\/\/www.anofm.ro\/neamt\/wp-json\/wp\/v2\/types\/post"}],"replies":[{"embeddable":true,"href":"https:\/\/www.anofm.ro\/neamt\/wp-json\/wp\/v2\/comments?post=101"}],"version-history":[{"count":0,"href":"https:\/\/www.anofm.ro\/neamt\/wp-json\/wp\/v2\/posts\/101\/revisions"}],"wp:attachment":[{"href":"https:\/\/www.anofm.ro\/neamt\/wp-json\/wp\/v2\/media?parent=101"}],"wp:term":[{"taxonomy":"category","embeddable":true,"href":"https:\/\/www.anofm.ro\/neamt\/wp-json\/wp\/v2\/categories?post=101"},{"taxonomy":"post_tag","embeddable":true,"href":"https:\/\/www.anofm.ro\/neamt\/wp-json\/wp\/v2\/tags?post=101"}],"curies":[{"name":"wp","href":"https:\/\/api.w.org\/{rel}","templated":true}]}}