{"id":10,"date":"2018-11-12T00:00:00","date_gmt":"2018-11-11T22:00:00","guid":{"rendered":"https:\/\/www.anofm.ro\/neamt\/unit-2-rmpd-ucenicie-si-stagii-pentru-tinerii-neets-din-regiunile-mai-putin-dezvoltate\/"},"modified":"2018-11-12T00:00:00","modified_gmt":"2018-11-11T22:00:00","slug":"unit-2-rmpd-ucenicie-si-stagii-pentru-tinerii-neets-din-regiunile-mai-putin-dezvoltate","status":"publish","type":"post","link":"https:\/\/www.anofm.ro\/neamt\/unit-2-rmpd-ucenicie-si-stagii-pentru-tinerii-neets-din-regiunile-mai-putin-dezvoltate\/","title":{"rendered":"UNIT 2 RMPD &#8211; Ucenicie si stagii pentru tinerii NEETs din regiunile mai putin dezvoltate"},"content":{"rendered":"<p style=\"margin: 0px 0px 10px;font-family:\"><font style=\"font-size: 14px\"><span style=\"font-family:\"><span>A<\/span><font style=\"font-size: 14px\">gen\u021bia Na\u021bional\u0103 pentru Ocuparea For\u021bei de Munc\u0103 (ANOFM) implementeaz\u0103 pe o perioad\u0103 de 36 de luni, proiectul\u00a0<\/font><\/span><font style=\"font-size: 14px\"><b style=\"font-family:\">&#8222;UNIT 2 RMPD \u2013 Ucenicie \u015fi stagii pentru tinerii NEETs din regiunile mai pu\u0163in dezvoltate&#8221;, POCU\/262\/2.1\/2.2\/119910<\/b><span style=\"font-family:\">, cofinan\u021bat de Uniunea European\u0103 din Fondul Social European(FSE) prin Programul Opera\u021bional Capital Uman 2014-2020 (POCU). Obiectivul general al proiectului \u00eel constituie \u00eembun\u0103t\u0103\u021birea posibilit\u0103\u021bilor de \u00eencadrare a\u00a0<\/span><b style=\"font-family:\">minimum 900 tineri NEETs<\/b><span style=\"font-family:\">\u00a0\u0219omeri \u00eenregistra\u021bi la Serviciul Public de Ocupare (SPO).\u00a0<\/span><\/font><\/font><\/p>\n<p style=\"margin: 0px 0px 10px;font-family:\"><font style=\"font-size: 14px\"><span style=\"font-family:\"><font style=\"font-size: 14px\">Obiectivele specifice ale proiectului prev\u0103d stimularea ocup\u0103rii tinerilor NEETs \u0219omeri \u00eenregistra\u021bi la Serviciul Public de Ocupare, prin acordarea sprijinului financiar angajatorilor, aferent\u00a0<b>\u00eencadr\u0103rii prin<\/b>\u00a0<b>ucenicie la locul de munc\u0103 a 812 tineri NEETs\u00a0<\/b>\u0219omeri \u0219i oferire de sprijin financiar pentru\u00a0<b>\u00eencadrarea prin<\/b>\u00a0<\/font><b><font style=\"font-size: 14px\">stagii a unui num<\/font><span>\u0103r de 88 tineri NEETs<\/span><\/b><span>\u00a0\u0219omeri, absolven\u021bii de \u00eenv\u0103\u021b\u0103m\u00e2nt superior.\u00a0<\/span><b>Subven\u021biile acordate angajatorilor sunt \u00een cuantum de 2.250 lei\/lun\u0103 pentru fiecare ucenic\/stagiar.<\/b><\/span><span style=\"font-family: Arial, sans-serif\"><\/span><\/font><\/p>\n<p style=\"margin: 0px 0px 10px;font-family:\"><font style=\"font-size: 14px\"><span style=\"font-family:\">Proiectul va fi implementat cu sprijinul a 21 agen\u021bii jude\u021bene pentru ocuparea for\u021bei de munc\u0103 din cele 4 regiuni eligibile, conform cererii de finan\u021bare, respectiv Nord-Est (Bac\u0103u, Boto\u015fani, Ia\u015fi, Neam\u0163, Suceava, Vaslui), Nord-Vest (Bihor, Bistri\u0163a, Cluj, Maramure\u015f, Satu-Mare, S\u0103laj), Sud-Vest Oltenia (Dolj, Gorj, Mehedin\u0163i, Olt, V\u00e2lcea), Vest (Arad,Cara\u015f-Severin, Hunedoara,Timi\u015f).<\/span><span style=\"font-family: Arial, sans-serif\"><\/span><\/font><\/p>\n<p style=\"margin: 0px 0px 10px;font-family:\"><span style=\"font-family:\">Bugetul total al proiectului este de 38.629.300,79 lei, din care 5.794.395,11 lei finan\u0163are na\u0163ional\u0103 \u0219i 32.834.905,68 lei finan\u0163are extern\u0103 nerambursabil\u0103.<\/span><\/p>\n<p style=\"margin: 0px 0px 10px;font-family:\"><span style=\"font-family:\">Perioada de implementare este 19 februarie 2018 &#8211; 18 noiembrie 2021.<\/span><\/p>\n<p style=\"margin: 0px 0px 10px;font-family:\"><a style=\"background-color: transparent\" target=\"_blank\" href=\"\/upload\/1449\/Informare_UNIT_2_RMPD-septembrie.pdf\" rel=\"noopener\">Informare UNIT 2 RMPD<\/a><\/p>\n<p style=\"margin: 0px 0px 10px;font-family:\"><a style=\"background-color: transparent\" target=\"_blank\" href=\"\/upload\/1449\/Fisa_de_proiect_UNIT_2_RMPD-_septembrie.pdf\" rel=\"noopener\">Fisa de proiect UNIT 2 RMPD<\/a><\/p>\n<p style=\"margin: 0px 0px 10px;font-family:\"><a style=\"background-color: transparent\" target=\"_blank\" href=\"\/upload\/1449\/Brosura_prezentare_-UNIT_2_RMPD.pdf\" rel=\"noopener\">Brosura prezentare UNIT 2 RMPD<\/a><\/p>\n<p style=\"margin: 0px 0px 10px;font-family:\"><a style=\"background-color: transparent\" target=\"_blank\" href=\"\/upload\/1449\/Prezentare_proiect_UNIT_2_RMPD.pps\" rel=\"noopener\">Prezentare proiect UNIT 2 RMPD<\/a><\/p>\n<p style=\"margin: 0px 0px 10px;font-family:\"><a style=\"background-color: transparent\" target=\"_blank\" href=\"\/upload\/1449\/Rezultate_31_octombrie_-_UNIT_2_RMPD_.pdf\" rel=\"noopener\">Rezultate 31 octombrie UNIT 2 RMPD<\/a><\/p>\n<p style=\"margin: 0px 0px 10px;font-family:\"><a style=\"background-color: transparent\" href=\"\/upload\/1449\/Rezultate_31_octombrie_-_UNIT_2_RMPD_.pdf\"><\/a><\/p>\n<p style=\"margin: 0px 0px 10px;font-family:\"><span style=\"font-family:\"><\/span><\/p>\n<\/p>\n<p style=\"margin: 0px 0px 10px;font-family:\"><font face=\"Trebuchet MS\" style=\"font-size: 14px\"><a style=\"background-color: transparent\" target=\"_blank\" href=\"\/upload\/1449\/Informare_proiect_UNIT_2_RMPD-modificari_legislative.pdf\" rel=\"noopener\">Informare UNIT 2 RMPD &#8211; modific\u0103ri legislative privind ucenicia la locul de munc\u0103<\/a><\/font><font face=\"Trebuchet MS\" style=\"font-size: 14px\"><font face=\"Trebuchet MS\" style=\"font-size: 14px\"><font face=\"Trebuchet MS\" style=\"font-size: 14px\"><br \/><\/font><\/font><\/font><\/p>\n<p style=\"margin: 0px 0px 10px;font-family:\"><font face=\"Trebuchet MS\" style=\"font-size: 14px\"><font face=\"Trebuchet MS\" style=\"font-size: 14px\"><font face=\"Trebuchet MS\" style=\"font-size: 14px\"><span style=\"background-color: transparent\"><a style=\"background-color: transparent\" target=\"_blank\" href=\"\/upload\/1449\/Informare_UNIT_2_-_RMPD_decembrie.pdf\" rel=\"noopener\">Informare rezultate 30 noiembrie UNIT 2 RMPD<\/a><\/span><\/font><\/font><\/font><\/p>\n<p style=\"background-color: transparent\"><font face=\"Trebuchet MS\" style=\"font-size: 14px\"><font face=\"Trebuchet MS\" style=\"font-size: 14px\"><font face=\"Trebuchet MS\" style=\"font-size: 14px\"><span><a target=\"_blank\" href=\"\/upload\/1112\/UNIT2RMPD-Raport_de_activitate_-_1_an_de_implementare.pdf\" rel=\"noopener\">Raport de activitate &#8211; 1 an de implementare<\/a><\/span><\/font><\/font><\/font><\/p>\n<p><font style=\"font-size: 14px\"><font face=\"Trebuchet MS\" style=\"font-size: 14px\"><font face=\"Trebuchet MS\" style=\"font-size: 14px\"><a target=\"_blank\" href=\"\/upload\/1112\/Informare_-_Subven%C8%9Bii_acordate_angajatorilor_care_deruleaz%C4%83_programe_de_ucenicie_sau_stagiu.pdf\" rel=\"noopener\"><font face=\"Trebuchet MS\" style=\"font-size: 14px\"><\/font><\/a><\/font><\/font><span style=\"font-family:\"><a target=\"_blank\" href=\"\/upload\/1112\/Informare_-_Subven%C8%9Bii_acordate_angajatorilor_care_deruleaz%C4%83_programe_de_ucenicie_sau_stagiu.pdf\" rel=\"noopener\">Informare &#8211; Subven\u021bii acordate angajatorilor care deruleaz\u0103 programe de ucenicie sau stagiu<\/a><\/span><\/font><\/p>\n<p><font style=\"font-size: 14px\"><span style=\"font-family: sans-serif\"><a target=\"_blank\" href=\"\/upload\/1112\/UNIT2RMPD_-_Informare_-_28.06.2019.pdf\" rel=\"noopener\">Informare UNIT 2 RMPD &#8211; 28 iunie 2019<\/a><\/span><\/font><a target=\"_blank\" style=\"font-size: 14px\" href=\"\/upload\/1112\/UNIT2RMPD_-_Informare_-_28.06.2019.pdf\" rel=\"noopener\"><\/a><\/p>\n<p><a target=\"_blank\" href=\"\/upload\/1112\/Informare_-_rezultate_la_30_septembrie.pdf\" rel=\"noopener\">Informare rezultate la 30 septembrie<\/a><\/p>\n<\/p>\n<p><a target=\"_blank\" href=\"\/upload\/1112\/Prezentare_proiect_UNIT_2_RMPD_-rezultate_la_30_septembrie.pdf\" rel=\"noopener\">Prezentare proiect UNIT2 RMPD &#8211; rezultate la 30 septembrie<\/a><\/p>\n<p><a target=\"_blank\" href=\"\/upload\/1112\/Raport_activitate_la_31_Decembrie_2020_.pdf\" rel=\"noopener\">Raport de activitate la 31 decembrie 2020<\/a><\/p>\n<p><a target=\"_blank\" href=\"\/upload\/1112\/Brosura_electronica_actualizata-_rezultate_31_Decembrie_2020.pps\" rel=\"noopener\">Brosura electronica actualizata &#8211; rezultate 31 decembrie 2020<\/a><\/p>\n<\/p>\n<\/p>\n<p><font face=\"Trebuchet MS\" style=\"font-size: 14px\"><font face=\"Trebuchet MS\" style=\"font-size: 14px\"><font face=\"Trebuchet MS\" style=\"font-size: 14px\"><a href=\"http:\/\/\"><\/a><\/font><\/font><\/font><\/p>\n<\/p><\/p>\n","protected":false},"excerpt":{"rendered":"<p>Agen\u021bia Na\u021bional\u0103 pentru Ocuparea For\u021bei de Munc\u0103 (ANOFM) implementeaz\u0103 pe o perioad\u0103 de 36 de luni, proiectul\u00a0&#8222;UNIT 2 RMPD \u2013 Ucenicie \u015fi stagii pentru tinerii NEETs din regiunile mai pu\u0163in<\/p>\n","protected":false},"author":0,"featured_media":0,"comment_status":"closed","ping_status":"closed","sticky":false,"template":"","format":"standard","meta":{"footnotes":""},"categories":[20],"tags":[],"class_list":["post-10","post","type-post","status-publish","format-standard","hentry","category-proiecte"],"_links":{"self":[{"href":"https:\/\/www.anofm.ro\/neamt\/wp-json\/wp\/v2\/posts\/10","targetHints":{"allow":["GET"]}}],"collection":[{"href":"https:\/\/www.anofm.ro\/neamt\/wp-json\/wp\/v2\/posts"}],"about":[{"href":"https:\/\/www.anofm.ro\/neamt\/wp-json\/wp\/v2\/types\/post"}],"replies":[{"embeddable":true,"href":"https:\/\/www.anofm.ro\/neamt\/wp-json\/wp\/v2\/comments?post=10"}],"version-history":[{"count":0,"href":"https:\/\/www.anofm.ro\/neamt\/wp-json\/wp\/v2\/posts\/10\/revisions"}],"wp:attachment":[{"href":"https:\/\/www.anofm.ro\/neamt\/wp-json\/wp\/v2\/media?parent=10"}],"wp:term":[{"taxonomy":"category","embeddable":true,"href":"https:\/\/www.anofm.ro\/neamt\/wp-json\/wp\/v2\/categories?post=10"},{"taxonomy":"post_tag","embeddable":true,"href":"https:\/\/www.anofm.ro\/neamt\/wp-json\/wp\/v2\/tags?post=10"}],"curies":[{"name":"wp","href":"https:\/\/api.w.org\/{rel}","templated":true}]}}