{"id":88,"date":"2021-01-27T00:00:00","date_gmt":"2021-01-26T22:00:00","guid":{"rendered":"https:\/\/www.anofm.ro\/mures\/procedura-acordare-sume-prevazute-de-art-1-alin-4-din-oug-132-2020-reducere-timp-munca\/"},"modified":"2021-01-27T00:00:00","modified_gmt":"2021-01-26T22:00:00","slug":"procedura-acordare-sume-prevazute-de-art-1-alin-4-din-oug-132-2020-reducere-timp-munca","status":"publish","type":"post","link":"https:\/\/www.anofm.ro\/mures\/procedura-acordare-sume-prevazute-de-art-1-alin-4-din-oug-132-2020-reducere-timp-munca\/","title":{"rendered":"Procedura acordare sume prevazute de Art. 1 alin. (4) din OUG 132\/2020 \u2013 reducere timp munca"},"content":{"rendered":"<p style=\"margin-top: 0cm;text-align: justify;background-image: initial;background-position: initial;background-size: initial;background-attachment: initial\"><span style=\"font-family:\">Reg\u0103si\u021bi<br \/>\nata\u0219ate formularele, \u00een format\u00a0 PDF inteligent, necesare decont\u0103rii<br \/>\nindemniza\u021biei prev\u0103zute la Art.1, alin. (1) din OUG 132\/2020 cu modific\u0103rile \u0219i<br \/>\ncomplet\u0103rile ulterioare (reducere timp munc\u0103).<\/span><\/p>\n<p style=\"margin-top: 0cm;text-align: justify;background-image: initial;background-position: initial;background-size: initial;background-attachment: initial;margin-bottom: 1rem\"><b><span style=\"font-family:\">Formularele\u00a0 vor fi\u00a0 transmise<br \/>\nagen\u021biei jude\u021bene\/municipale pentru ocuparea for\u021bei de munc\u0103 prin intermediul<br \/>\nplatformei\u00a0<a href=\"https:\/\/aici.gov.ro\/home\"><span style=\"color: black\">aici.gov.ro.<\/span><\/a><\/span><\/b><span style=\"font-family:\"><\/span><\/p>\n<p style=\"margin-top: 0cm;text-align: justify;background-image: initial;background-position: initial;background-size: initial;background-attachment: initial;margin-bottom: 1rem\"><span style=\"font-family:\">Not\u0103: Pentru o bun\u0103 func\u021bionalitate a formularelor PDF v\u0103 rug\u0103m s\u0103 nu<br \/>\nutiliza\u021bi browserul pentru deschidere ci s\u0103 folosi\u021bi aplica\u021bii dedicate (ex:<br \/>\nAdobe Reader).<\/span><\/p>\n<p style=\"margin-top: 0cm;text-align: justify;background-image: initial;background-position: initial;background-size: initial;background-attachment: initial;margin-bottom: 1rem\"><span style=\"font-family:\">\u00a0<\/span><\/p>\n<p style=\"margin-top: 0cm;text-align: justify;background-image: initial;background-position: initial;background-size: initial;background-attachment: initial;margin-bottom: 1rem\"><span style=\"font-family:\">Pe durata reducerii timpului de munc\u0103 \u00een condi\u0163iile prev\u0103zute la Art.1,<br \/>\nalin. (1) din OUG 132\/2020 cu modific\u0103rile \u0219i complet\u0103rile ulterioare ,<br \/>\nsalaria\u0163ii afecta\u0163i de m\u0103sur\u0103 beneficiaz\u0103 de o indemniza\u0163ie de 75% din<br \/>\ndiferen\u0163a dintre salariul de baz\u0103 brut lunar prev\u0103zut \u00een contractul individual<br \/>\nde munc\u0103 \u015fi salariul de baz\u0103 brut lunar aferent orelor de munc\u0103 efectiv<br \/>\nprestate ca urmare a reducerii timpului de munc\u0103, \u00een completarea drepturilor<br \/>\nsalariale cuvenite, calculate la timpul efectiv lucrat.<\/span><\/p>\n<p><span style=\"font-family:\">Indemniza\u0163ia este suportat\u0103 de angajator, din capitolul aferent<br \/>\ncheltuielilor de personal din bugetul de venituri \u015fi cheltuieli al acestuia, \u015fi<br \/>\nse achit\u0103 la data pl\u0103\u0163ii salariului aferent lunii respective, urm\u00e2nd a se<br \/>\ndeconta, \u00een cel mult 5 zile de la emiterea deciziei prev\u0103zute la art. 1^1 alin.<br \/>\n(4) din OUG 132\/2020 cu modific\u0103rile \u0219i complet\u0103rile ulterioare, din bugetul<br \/>\nasigur\u0103rilor pentru \u015fomaj dup\u0103 \u00eendeplinirea de c\u0103tre angajator a obliga\u0163iilor<br \/>\ndeclarative \u015fi de plat\u0103 aferente veniturilor din salarii \u015fi asimilate<br \/>\nsalariilor din perioada pentru care se face solicitarea \u00een conformitate cu<br \/>\nprevederile Legii nr. 227\/2015 privind Codul fiscal, cu modific\u0103rile \u015fi<br \/>\ncomplet\u0103rile ulterioare.<\/span><\/p>\n<p><a href=\"\/upload\/15238\/Cerere_reducere_timp_munca_OUG_132_v3.pdf\">Cerere_reducere_timp_munca_OUG_132_v3.pdf<\/a>\u00a0<\/p>\n<p><a href=\"\/upload\/15238\/Declaratie_reducere_timp_munca_OUG_132.pdf\">Declaratie_reducere_timp_munca_OUG_132.pdf<\/a>\u00a0<\/p>\n<p><a href=\"\/upload\/15238\/Lista_salariati_reducere_timp_munca_OUG_132_v5.pdf\">Lista_salariati_reducere_timp_munca_OUG_132_v5.pdf<\/a> <\/p><\/p>\n","protected":false},"excerpt":{"rendered":"<p>Procedura acordare sume prevazute de Art. 1 alin. (4) din OUG 132\/2020 \u2013 reducere timp munca<\/p>\n","protected":false},"author":0,"featured_media":0,"comment_status":"closed","ping_status":"closed","sticky":false,"template":"","format":"standard","meta":{"footnotes":""},"categories":[9],"tags":[],"class_list":["post-88","post","type-post","status-publish","format-standard","hentry","category-comunicate-de-presa"],"_links":{"self":[{"href":"https:\/\/www.anofm.ro\/mures\/wp-json\/wp\/v2\/posts\/88","targetHints":{"allow":["GET"]}}],"collection":[{"href":"https:\/\/www.anofm.ro\/mures\/wp-json\/wp\/v2\/posts"}],"about":[{"href":"https:\/\/www.anofm.ro\/mures\/wp-json\/wp\/v2\/types\/post"}],"replies":[{"embeddable":true,"href":"https:\/\/www.anofm.ro\/mures\/wp-json\/wp\/v2\/comments?post=88"}],"version-history":[{"count":0,"href":"https:\/\/www.anofm.ro\/mures\/wp-json\/wp\/v2\/posts\/88\/revisions"}],"wp:attachment":[{"href":"https:\/\/www.anofm.ro\/mures\/wp-json\/wp\/v2\/media?parent=88"}],"wp:term":[{"taxonomy":"category","embeddable":true,"href":"https:\/\/www.anofm.ro\/mures\/wp-json\/wp\/v2\/categories?post=88"},{"taxonomy":"post_tag","embeddable":true,"href":"https:\/\/www.anofm.ro\/mures\/wp-json\/wp\/v2\/tags?post=88"}],"curies":[{"name":"wp","href":"https:\/\/api.w.org\/{rel}","templated":true}]}}