{"id":87,"date":"2021-01-27T00:00:00","date_gmt":"2021-01-26T22:00:00","guid":{"rendered":"https:\/\/www.anofm.ro\/mures\/procedura-acordare-sume-prevazute-de-art-iii-alin-1-si-2-din-oug-92-2020-50-depunere-tabel-nominal-lunar\/"},"modified":"2021-01-27T00:00:00","modified_gmt":"2021-01-26T22:00:00","slug":"procedura-acordare-sume-prevazute-de-art-iii-alin-1-si-2-din-oug-92-2020-50-depunere-tabel-nominal-lunar","status":"publish","type":"post","link":"https:\/\/www.anofm.ro\/mures\/procedura-acordare-sume-prevazute-de-art-iii-alin-1-si-2-din-oug-92-2020-50-depunere-tabel-nominal-lunar\/","title":{"rendered":"Procedura acordare sume prev\u0103zute de Art. III alin. (1) \u0219i (2) din OUG 92\/2020 &#8211; 50% &#8211; depunere tabel nominal lunar"},"content":{"rendered":"<p style=\"margin-top: 0cm;background-image: initial;background-position: initial;background-size: initial;background-attachment: initial\"><span style=\"font-family:\"><font style=\"font-size: 14px\">Reg\u0103si\u021bi ata\u0219at, \u00een format PDF inteligent,\u00a0<b>tabelul nominal lunar cu persoanele \u00eencadrate \u00een<br \/>\nmunc\u0103 conform prevederilor Art. III alin. (1)\u015fi (2) din OUG nr. 92\/2020\u00a0<\/b>pentru<br \/>\ninstituirea unor m\u0103suri active de sprijin destinate angaja\u0163ilor\u00a0 \u015fi\u00a0<br \/>\nangajatorilor\u00a0 \u00een\u00a0 contextul\u00a0 situa\u0163iei\u00a0<br \/>\nepidemiologice\u00a0 determinate\u00a0 de\u00a0 r\u0103sp\u00e2ndirea<br \/>\ncoronavirusului\u00a0 SARS-CoV-2,\u00a0 precum\u00a0 \u015fi\u00a0 pentru\u00a0<br \/>\nmodificarea\u00a0 unor\u00a0 acte\u00a0 normative, pentru stabilirea sumelor<br \/>\ncuvenite angajatorilor din bugetul asigur\u0103rilor pentru \u015fomaj.<\/font><\/span><\/p>\n<p style=\"margin-top: 0cm;background-image: initial;background-position: initial;background-size: initial;background-attachment: initial;margin-bottom: 1rem\"><font style=\"font-size: 14px\"><b><span style=\"font-family:\">Tabelul completat se va transmite agen\u021biei<br \/>\njude\u021bene\/municipale pentru ocuparea for\u021bei de munc\u0103 prin intermediul platformei\u00a0<a href=\"https:\/\/aici.gov.ro\/home\"><span style=\"color: black\">aici.gov.ro.<\/span><\/a><\/span><\/b><span style=\"font-family:\"><\/span><\/font><\/p>\n<p style=\"margin-top: 0cm;background-image: initial;background-position: initial;background-size: initial;background-attachment: initial;margin-bottom: 1rem\"><span style=\"font-family:\"><font style=\"font-size: 14px\">Not\u0103: Pentru o bun\u0103 func\u021bionalitate a formularelor PDF v\u0103 rug\u0103m s\u0103 nu<br \/>\nutiliza\u021bi browserul pentru deschidere ci s\u0103 folosi\u021bi aplica\u021bii dedicate (ex:<br \/>\nAdobe Reader).<\/font><\/span><\/p>\n<p style=\"margin-top: 0cm;background-image: initial;background-position: initial;background-size: initial;background-attachment: initial;margin-bottom: 1rem\"><span style=\"font-family:\"><font style=\"font-size: 14px\">\u00a0<\/font><\/span><\/p>\n<p style=\"margin-top: 0cm;background-image: initial;background-position: initial;background-size: initial;background-attachment: initial;margin-bottom: 1rem\"><font style=\"font-size: 14px\"><b><span style=\"font-family:\">Art III din OUG nr. 92\/2020<\/span><\/b><span style=\"font-family:\"><\/span><\/font><\/p>\n<p style=\"margin-top: 0cm;background-image: initial;background-position: initial;background-size: initial;background-attachment: initial;margin-bottom: 1rem\"><span style=\"font-family:\"><font style=\"font-size: 14px\">(1) Angajatorii care \u00een perioada 1 iunie 2020-31 decembrie 2020<br \/>\n\u00eencadreaz\u0103 \u00een munc\u0103, pe perioad\u0103 nedeterminat\u0103, cu norm\u0103 \u00eentreag\u0103, persoane \u00een<br \/>\nv\u00e2rst\u0103de peste 50 de ani ale c\u0103ror raporturi de munc\u0103 au \u00eencetat din motive<br \/>\nneimputabile lor, \u00een perioada st\u0103rii de urgen\u0163\u0103 decretate prin Decretul nr.<br \/>\n195\/2020privind instituirea st\u0103rii de urgen\u0163\u0103 pe teritoriul Rom\u00e2niei,<br \/>\nprelungit\u0103 prin Decretul nr. 240\/2020, sau a st\u0103rii de alert\u0103 instituite prin<br \/>\nHot\u0103r\u00e2rea Guvernului nr. 394\/2020privind declararea st\u0103rii de alert\u0103 \u015fi<br \/>\nm\u0103surile care se aplic\u0103 pe durata acesteia pentru prevenirea \u015fi combaterea<br \/>\nefectelor pandemiei de COVID-19, \u00eenregistra\u0163i ca \u015fomeri \u00een eviden\u0163a agen\u0163iilor<br \/>\npentru ocuparea for\u0163ei de munc\u0103 jude\u0163ene, respectiv a municipiului Bucure\u015fti,<br \/>\nprimesc lunar, pe o perioad\u0103 de 12 luni, pentru fiecare persoan\u0103 angajat\u0103 din<br \/>\naceast\u0103 categorie, 50% din salariul angajatului, dar nu mai mult de 2.500 lei.<\/font><\/span><\/p>\n<p><font style=\"font-size: 14px\"><span style=\"font-family:\">(2) Angajatorii care \u00eencadreaz\u0103 \u00een munc\u0103, dar nu mai t\u00e2rziu de data de<br \/>\n31 decembrie 2020, pe perioad\u0103 nedeterminat\u0103, cu norm\u0103 \u00eentreag\u0103, persoane cu<br \/>\nv\u00e2rsta cuprins\u0103 \u00eentre 16 \u015fi 29 de ani \u00eenregistra\u0163i ca \u015fomeri \u00een eviden\u0163a<br \/>\nagen\u0163iilor pentru ocuparea for\u0163ei de munc\u0103 jude\u0163ene, respectiv a municipiului<br \/>\nBucure\u015fti primesc lunar, pe o perioad\u0103 de 12 luni, pentru fiecare persoan\u0103<br \/>\nangajat\u0103 din aceast\u0103 categorie, 50% din salariul angajatului, dar nu mai mult<br \/>\nde 2.500 lei.<\/span><\/font><\/p>\n<p><font style=\"font-size: 14px\"><a href=\"\/upload\/15235\/Tabel_nominal_OUG_92_50.pdf\">Tabel_nominal_OUG_92_50.pdf<\/a> <\/font><\/p><\/p>\n","protected":false},"excerpt":{"rendered":"<p>Procedura acordare sume prev\u0103zute de Art. III alin. (1) \u0219i (2) din OUG 92\/2020 &#8211; 50% &#8211; depunere tabel nominal lunar<\/p>\n","protected":false},"author":0,"featured_media":0,"comment_status":"closed","ping_status":"closed","sticky":false,"template":"","format":"standard","meta":{"footnotes":""},"categories":[4],"tags":[],"class_list":["post-87","post","type-post","status-publish","format-standard","hentry","category-anunturi-diverse"],"_links":{"self":[{"href":"https:\/\/www.anofm.ro\/mures\/wp-json\/wp\/v2\/posts\/87","targetHints":{"allow":["GET"]}}],"collection":[{"href":"https:\/\/www.anofm.ro\/mures\/wp-json\/wp\/v2\/posts"}],"about":[{"href":"https:\/\/www.anofm.ro\/mures\/wp-json\/wp\/v2\/types\/post"}],"replies":[{"embeddable":true,"href":"https:\/\/www.anofm.ro\/mures\/wp-json\/wp\/v2\/comments?post=87"}],"version-history":[{"count":0,"href":"https:\/\/www.anofm.ro\/mures\/wp-json\/wp\/v2\/posts\/87\/revisions"}],"wp:attachment":[{"href":"https:\/\/www.anofm.ro\/mures\/wp-json\/wp\/v2\/media?parent=87"}],"wp:term":[{"taxonomy":"category","embeddable":true,"href":"https:\/\/www.anofm.ro\/mures\/wp-json\/wp\/v2\/categories?post=87"},{"taxonomy":"post_tag","embeddable":true,"href":"https:\/\/www.anofm.ro\/mures\/wp-json\/wp\/v2\/tags?post=87"}],"curies":[{"name":"wp","href":"https:\/\/api.w.org\/{rel}","templated":true}]}}