{"id":86,"date":"2021-01-27T00:00:00","date_gmt":"2021-01-26T22:00:00","guid":{"rendered":"https:\/\/www.anofm.ro\/mures\/formulare-necesare-incheierii-conventiei-si-solicitarii-subventiei-conform-art-i-din-oug-nr-220-2020\/"},"modified":"2021-01-27T00:00:00","modified_gmt":"2021-01-26T22:00:00","slug":"formulare-necesare-incheierii-conventiei-si-solicitarii-subventiei-conform-art-i-din-oug-nr-220-2020","status":"publish","type":"post","link":"https:\/\/www.anofm.ro\/mures\/formulare-necesare-incheierii-conventiei-si-solicitarii-subventiei-conform-art-i-din-oug-nr-220-2020\/","title":{"rendered":"Formulare necesare incheierii conventiei si solicitarii subventiei conform Art. I din OUG nr. 220\/2020"},"content":{"rendered":"<p class=\"MsoNormal\" style=\"text-align:justify\"><span style=\"font-size:12.0pt;line-height:115%;font-family:\">Reg\u0103si\u021bi ata\u0219ate<br \/>\nformularele \u00een format PDF-inteligent pentru depunerea documenta\u0163iei necesare<br \/>\nob\u0163inerii subven\u021biei conform Art. I din OUG 220\/2020 &#8211;\u00a0\u00eencadrare \u00een munc\u0103<br \/>\n\u00een perioada 1 ianuarie &#8211; 1 septembrie 2021, pe perioad\u0103 nedeterminat\u0103, cu norm\u0103<br \/>\n\u00eentreag\u0103, persoane \u00een v\u00e2rst\u0103 de peste 50 de ani ale c\u0103ror raporturi de munc\u0103 au<br \/>\n\u00eencetat din motive neimputabile lor, \u00een perioada st\u0103rii de urgen\u021b\u0103 sau de<br \/>\nalert\u0103, persoane cu v\u00e2rsta cuprins\u0103 \u00eentre 16 \u0219i 29 de ani \u00eenregistrate ca<br \/>\n\u0219omeri \u00een eviden\u021ba agen\u021biilor pentru ocuparea for\u021bei de munc\u0103 jude\u021bene,<br \/>\nrespectiv a municipiului Bucure\u0219ti, precum \u0219i cet\u0103\u021beni rom\u00e2ni, \u00eencadra\u021bi \u00een<br \/>\nacelea\u0219i categorii de v\u00e2rst\u0103, c\u0103rora \u00een anul 2020 le-au \u00eencetat raporturile de<br \/>\nmunc\u0103 cu angajatorii str\u0103ini de pe teritoriul altor state, din motive<br \/>\nneimputabile lor, prin concediere.<\/span><\/p>\n<\/p>\n<p class=\"MsoNormal\" style=\"text-align:justify\"><span style=\"font-size: 12pt;line-height: 115%;font-family:\">Documentele se vor transmite<br \/>\nelectronic la agen\u021bia jude\u021bean\u0103 pentru ocuparea for\u021bei de munc\u0103 din raza c\u0103reia<br \/>\nangajatorul are sediul social.<\/span><span style=\"font-size:12.0pt;line-height:115%;font-family:\"><\/span><\/p>\n<p><a href=\"\/upload\/15233\/CerereOUG_220_v2.pdf\">CerereOUG_220_v2.pdf<\/a>\u00a0<\/p>\n<p><a href=\"\/upload\/15233\/DeclaratieOUG220_v1.pdf\">DeclaratieOUG220_v1.pdf<\/a>\u00a0<\/p>\n<p><a href=\"\/upload\/15233\/TabelOUG220_v1.pdf\">TabelOUG220_v1.pdf<\/a>\u00a0<\/p>\n<p><a href=\"\/upload\/15233\/AnexaConventieOUG220_v1.pdf\">AnexaConventieOUG220_v1.pdf<\/a>\u00a0<\/p>\n<p><a href=\"\/upload\/15233\/ConventieOUG220_v2.pdf\">ConventieOUG220_v2.pdf<\/a><\/p><\/p>\n","protected":false},"excerpt":{"rendered":"<p>Formulare necesare incheierii conventiei si solicitarii subventiei conform Art. I din OUG nr. 220\/2020<\/p>\n","protected":false},"author":0,"featured_media":0,"comment_status":"closed","ping_status":"closed","sticky":false,"template":"","format":"standard","meta":{"footnotes":""},"categories":[4],"tags":[],"class_list":["post-86","post","type-post","status-publish","format-standard","hentry","category-anunturi-diverse"],"_links":{"self":[{"href":"https:\/\/www.anofm.ro\/mures\/wp-json\/wp\/v2\/posts\/86","targetHints":{"allow":["GET"]}}],"collection":[{"href":"https:\/\/www.anofm.ro\/mures\/wp-json\/wp\/v2\/posts"}],"about":[{"href":"https:\/\/www.anofm.ro\/mures\/wp-json\/wp\/v2\/types\/post"}],"replies":[{"embeddable":true,"href":"https:\/\/www.anofm.ro\/mures\/wp-json\/wp\/v2\/comments?post=86"}],"version-history":[{"count":0,"href":"https:\/\/www.anofm.ro\/mures\/wp-json\/wp\/v2\/posts\/86\/revisions"}],"wp:attachment":[{"href":"https:\/\/www.anofm.ro\/mures\/wp-json\/wp\/v2\/media?parent=86"}],"wp:term":[{"taxonomy":"category","embeddable":true,"href":"https:\/\/www.anofm.ro\/mures\/wp-json\/wp\/v2\/categories?post=86"},{"taxonomy":"post_tag","embeddable":true,"href":"https:\/\/www.anofm.ro\/mures\/wp-json\/wp\/v2\/tags?post=86"}],"curies":[{"name":"wp","href":"https:\/\/api.w.org\/{rel}","templated":true}]}}