{"id":7739,"date":"2026-04-23T13:18:16","date_gmt":"2026-04-23T10:18:16","guid":{"rendered":"https:\/\/www.anofm.ro\/mures\/?p=7739"},"modified":"2026-04-23T13:18:16","modified_gmt":"2026-04-23T10:18:16","slug":"sajtokozlemeny","status":"publish","type":"post","link":"https:\/\/www.anofm.ro\/mures\/sajtokozlemeny\/","title":{"rendered":"Sajtokozlemeny"},"content":{"rendered":"\n<p>A Maros Megyei Munkaer\u0151-foglalkoztat\u00e1si \u00dcgyn\u00f6ks\u00e9g (AJOFM Mure\u0219) a szoci\u00e1lis gazdas\u00e1gr\u00f3l sz\u00f3l\u00f3 219\/2015. sz\u00e1m\u00fa t\u00f6rv\u00e9ny 22. cikk\u00e9nek rendelkez\u00e9seit figyelembe v\u00e9ve minden \u00e9v m\u00e1jus\u00e1ban megszervezi a szoci\u00e1lis gazdas\u00e1g n\u00e9pszer\u0171s\u00edt\u00e9s\u00e9nek h\u00f3napj\u00e1t.<\/p>\n\n\n\n<div class=\"file-list-wrap\"><p class=\"h4\">Documente desc\u0103rcabile<\/p><ul class=\"file-list\">\n<li><a href=\"https:\/\/www.anofm.ro\/mures\/wp-content\/uploads\/sites\/30\/2026\/04\/2026_04_23_Comunicat-de-presa_economia-sociala-hu.pdf\" download>2026_04_23_Comunicat-de-presa_economia-sociala-hu.pdf<\/a><\/li>\n<\/ul><\/div>\n","protected":false},"excerpt":{"rendered":"<p>A Maros Megyei Munkaer\u0151-foglalkoztat\u00e1si \u00dcgyn\u00f6ks\u00e9g (AJOFM Mure\u0219) a szoci\u00e1lis gazdas\u00e1gr\u00f3l sz\u00f3l\u00f3 219\/2015. sz\u00e1m\u00fa t\u00f6rv\u00e9ny 22. cikk\u00e9nek rendelkez\u00e9seit figyelembe v\u00e9ve minden \u00e9v m\u00e1jus\u00e1ban megszervezi a szoci\u00e1lis gazdas\u00e1g n\u00e9pszer\u0171s\u00edt\u00e9s\u00e9nek h\u00f3napj\u00e1t.<\/p>\n","protected":false},"author":372,"featured_media":0,"comment_status":"closed","ping_status":"closed","sticky":false,"template":"","format":"standard","meta":{"footnotes":""},"categories":[9],"tags":[],"class_list":["post-7739","post","type-post","status-publish","format-standard","hentry","category-comunicate-de-presa"],"_links":{"self":[{"href":"https:\/\/www.anofm.ro\/mures\/wp-json\/wp\/v2\/posts\/7739","targetHints":{"allow":["GET"]}}],"collection":[{"href":"https:\/\/www.anofm.ro\/mures\/wp-json\/wp\/v2\/posts"}],"about":[{"href":"https:\/\/www.anofm.ro\/mures\/wp-json\/wp\/v2\/types\/post"}],"author":[{"embeddable":true,"href":"https:\/\/www.anofm.ro\/mures\/wp-json\/wp\/v2\/users\/372"}],"replies":[{"embeddable":true,"href":"https:\/\/www.anofm.ro\/mures\/wp-json\/wp\/v2\/comments?post=7739"}],"version-history":[{"count":1,"href":"https:\/\/www.anofm.ro\/mures\/wp-json\/wp\/v2\/posts\/7739\/revisions"}],"predecessor-version":[{"id":7741,"href":"https:\/\/www.anofm.ro\/mures\/wp-json\/wp\/v2\/posts\/7739\/revisions\/7741"}],"wp:attachment":[{"href":"https:\/\/www.anofm.ro\/mures\/wp-json\/wp\/v2\/media?parent=7739"}],"wp:term":[{"taxonomy":"category","embeddable":true,"href":"https:\/\/www.anofm.ro\/mures\/wp-json\/wp\/v2\/categories?post=7739"},{"taxonomy":"post_tag","embeddable":true,"href":"https:\/\/www.anofm.ro\/mures\/wp-json\/wp\/v2\/tags?post=7739"}],"curies":[{"name":"wp","href":"https:\/\/api.w.org\/{rel}","templated":true}]}}